{"id":996,"date":"2005-05-17T00:00:00","date_gmt":"2005-05-16T22:00:00","guid":{"rendered":"http:\/\/ifmarinvast.se\/2016\/ungdomstraff-med-teknikprat\/"},"modified":"2015-10-11T14:44:01","modified_gmt":"2015-10-11T12:44:01","slug":"ungdomstraff-med-teknikprat","status":"publish","type":"post","link":"https:\/\/www.ifmarinvast.se\/orientering\/ungdomstraff-med-teknikprat\/","title":{"rendered":"Ungdomstr\u00e4ff med teknikprat"},"content":{"rendered":"<p>Efter torsdagstr\u00e4ningen \u00e4r alla ungdomar 13 \u00e5r+ v\u00e4lkomna till Fr\u00f6lundas klubbstuga kl 19.00 f\u00f6r teknikprat och fika. GOFs ungdomskonsulent Fredrik L\u00f6wegren kommer att prata. Duschm\u00f6jlighter finns.<\/p>\n<p>Anm\u00e4l dig till <a href='mailto:anders@ifmv.nu' target='_blank'>anders@ifmv.nu<\/a>.<\/p>\n","protected":false},"excerpt":{"rendered":"<p>Efter torsdagstr\u00e4ningen \u00e4r alla ungdomar 13 \u00e5r+ v\u00e4lkomna till Fr\u00f6lundas klubbstuga kl 19.00 f\u00f6r teknikprat och fika. GOFs ungdomskonsulent Fredrik L\u00f6wegren kommer att prata. Duschm\u00f6jlighter finns. Anm\u00e4l dig till anders@ifmv.nu.<\/p>\n","protected":false},"author":2,"featured_media":0,"comment_status":"open","ping_status":"open","sticky":false,"template":"","format":"standard","meta":{"footnotes":""},"categories":[262,1],"tags":[],"class_list":["post-996","post","type-post","status-publish","format-standard","hentry","category-nyheter","category-okategoriserade"],"_links":{"self":[{"href":"https:\/\/www.ifmarinvast.se\/orientering\/wp-json\/wp\/v2\/posts\/996","targetHints":{"allow":["GET"]}}],"collection":[{"href":"https:\/\/www.ifmarinvast.se\/orientering\/wp-json\/wp\/v2\/posts"}],"about":[{"href":"https:\/\/www.ifmarinvast.se\/orientering\/wp-json\/wp\/v2\/types\/post"}],"author":[{"embeddable":true,"href":"https:\/\/www.ifmarinvast.se\/orientering\/wp-json\/wp\/v2\/users\/2"}],"replies":[{"embeddable":true,"href":"https:\/\/www.ifmarinvast.se\/orientering\/wp-json\/wp\/v2\/comments?post=996"}],"version-history":[{"count":1,"href":"https:\/\/www.ifmarinvast.se\/orientering\/wp-json\/wp\/v2\/posts\/996\/revisions"}],"predecessor-version":[{"id":1830,"href":"https:\/\/www.ifmarinvast.se\/orientering\/wp-json\/wp\/v2\/posts\/996\/revisions\/1830"}],"wp:attachment":[{"href":"https:\/\/www.ifmarinvast.se\/orientering\/wp-json\/wp\/v2\/media?parent=996"}],"wp:term":[{"taxonomy":"category","embeddable":true,"href":"https:\/\/www.ifmarinvast.se\/orientering\/wp-json\/wp\/v2\/categories?post=996"},{"taxonomy":"post_tag","embeddable":true,"href":"https:\/\/www.ifmarinvast.se\/orientering\/wp-json\/wp\/v2\/tags?post=996"}],"curies":[{"name":"wp","href":"https:\/\/api.w.org\/{rel}","templated":true}]}}