{"id":984,"date":"2005-05-02T00:00:00","date_gmt":"2005-05-01T22:00:00","guid":{"rendered":"http:\/\/ifmarinvast.se\/2016\/anmalan-till-gof-lagren\/"},"modified":"2015-10-11T14:44:02","modified_gmt":"2015-10-11T12:44:02","slug":"anmalan-till-gof-lagren","status":"publish","type":"post","link":"https:\/\/www.ifmarinvast.se\/orientering\/anmalan-till-gof-lagren\/","title":{"rendered":"Anm\u00e4lan till GOF-l\u00e4gren"},"content":{"rendered":"<p><img src='http:\/\/ifmv.nu\/gof.jpg' align='right' border='0'>L\u00e4gren kommer att \u00e4ga rum den 18-20 juni och 21-23 juni. 10-12-\u00e5ringarna \u00e4r i Bor\u00e5s GIFs klubbstuga och 13-16-\u00e5ringarna \u00e4r i Ymerg\u00e5rden. <\/p>\n<p>Inbjudan till l\u00e4gren finns <a href='http:\/\/www.orienteringgoteborg.com\/ungdom\/lager\/2005\/Lagerinbjudan_2005.doc'>h\u00e4r<\/a>.<\/p>\n<p><b>Anm\u00e4lan<\/b> l\u00e4mnas till Anders senast den <b>18 maj<\/b>.<\/p>\n","protected":false},"excerpt":{"rendered":"<p>L\u00e4gren kommer att \u00e4ga rum den 18-20 juni och 21-23 juni. 10-12-\u00e5ringarna \u00e4r i Bor\u00e5s GIFs klubbstuga och 13-16-\u00e5ringarna \u00e4r i Ymerg\u00e5rden. Inbjudan till l\u00e4gren finns h\u00e4r. Anm\u00e4lan l\u00e4mnas till [&hellip;]<\/p>\n","protected":false},"author":2,"featured_media":0,"comment_status":"open","ping_status":"open","sticky":false,"template":"","format":"standard","meta":{"footnotes":""},"categories":[262,1],"tags":[],"class_list":["post-984","post","type-post","status-publish","format-standard","hentry","category-nyheter","category-okategoriserade"],"_links":{"self":[{"href":"https:\/\/www.ifmarinvast.se\/orientering\/wp-json\/wp\/v2\/posts\/984","targetHints":{"allow":["GET"]}}],"collection":[{"href":"https:\/\/www.ifmarinvast.se\/orientering\/wp-json\/wp\/v2\/posts"}],"about":[{"href":"https:\/\/www.ifmarinvast.se\/orientering\/wp-json\/wp\/v2\/types\/post"}],"author":[{"embeddable":true,"href":"https:\/\/www.ifmarinvast.se\/orientering\/wp-json\/wp\/v2\/users\/2"}],"replies":[{"embeddable":true,"href":"https:\/\/www.ifmarinvast.se\/orientering\/wp-json\/wp\/v2\/comments?post=984"}],"version-history":[{"count":1,"href":"https:\/\/www.ifmarinvast.se\/orientering\/wp-json\/wp\/v2\/posts\/984\/revisions"}],"predecessor-version":[{"id":1826,"href":"https:\/\/www.ifmarinvast.se\/orientering\/wp-json\/wp\/v2\/posts\/984\/revisions\/1826"}],"wp:attachment":[{"href":"https:\/\/www.ifmarinvast.se\/orientering\/wp-json\/wp\/v2\/media?parent=984"}],"wp:term":[{"taxonomy":"category","embeddable":true,"href":"https:\/\/www.ifmarinvast.se\/orientering\/wp-json\/wp\/v2\/categories?post=984"},{"taxonomy":"post_tag","embeddable":true,"href":"https:\/\/www.ifmarinvast.se\/orientering\/wp-json\/wp\/v2\/tags?post=984"}],"curies":[{"name":"wp","href":"https:\/\/api.w.org\/{rel}","templated":true}]}}