{"id":982,"date":"2005-04-24T00:00:00","date_gmt":"2005-04-23T22:00:00","guid":{"rendered":"http:\/\/ifmarinvast.se\/2016\/rapport-fran-10-mila\/"},"modified":"2015-10-11T14:44:02","modified_gmt":"2015-10-11T12:44:02","slug":"rapport-fran-10-mila","status":"publish","type":"post","link":"https:\/\/www.ifmarinvast.se\/orientering\/rapport-fran-10-mila\/","title":{"rendered":"Rapport fr\u00e5n 10-mila!"},"content":{"rendered":"<p><a href='http:\/\/www.longitud.net\/ifmv\/album\/album\/2005-04-24\/index.html'><img src='http:\/\/www.longitud.net\/ifmv\/album\/album\/2005-04-24\/thumbnails\/hagring.jpg' border='0' align='right'><\/a>Undertecknad och Maria D kan h\u00e4lsa fr\u00e5n IFMVs historiska f\u00f6rsta deltagande i 10-mila. Vi bildade ett kombinationslag i damkavlen tillsammans med Karolina S\u00f6derberg och Anna Bengtsson fr\u00e5n FK Herkules, och \u00c5sa Lindstr\u00f6m fr\u00e5n IK Uven.<\/p>\n<p>Tyv\u00e4rr gjorde en f\u00f6r snabb st\u00e4mpling p\u00e5 f\u00f6rsta str\u00e4ckan att laget str\u00f6ks ur t\u00e4vlingen, men bedriften best\u00e5r! \ud83d\ude09 Statistikbitna kan kolla l\u00e4get p\u00e5 <a href='http:\/\/www.10mila.se\/2005\/online\/res.shtml' target='_blank'>10-milas hemsida<\/a>.<\/p>\n<p>Fr\u00e4scha foton fr\u00e5n v\u00e5rt t\u00e4vlande, och \u00e4ven fr\u00e5n v\u00e5rt supportande under en l\u00e5ng och kall herrkavlenatt, finns nu i <a href='http:\/\/www.longitud.net\/ifmv\/album\/album\/2005-04-24\/index.html'>fotoalbumet<\/a>!<\/p>\n","protected":false},"excerpt":{"rendered":"<p>Undertecknad och Maria D kan h\u00e4lsa fr\u00e5n IFMVs historiska f\u00f6rsta deltagande i 10-mila. Vi bildade ett kombinationslag i damkavlen tillsammans med Karolina S\u00f6derberg och Anna Bengtsson fr\u00e5n FK Herkules, och [&hellip;]<\/p>\n","protected":false},"author":2,"featured_media":0,"comment_status":"open","ping_status":"open","sticky":false,"template":"","format":"standard","meta":{"footnotes":""},"categories":[262,1],"tags":[],"class_list":["post-982","post","type-post","status-publish","format-standard","hentry","category-nyheter","category-okategoriserade"],"_links":{"self":[{"href":"https:\/\/www.ifmarinvast.se\/orientering\/wp-json\/wp\/v2\/posts\/982","targetHints":{"allow":["GET"]}}],"collection":[{"href":"https:\/\/www.ifmarinvast.se\/orientering\/wp-json\/wp\/v2\/posts"}],"about":[{"href":"https:\/\/www.ifmarinvast.se\/orientering\/wp-json\/wp\/v2\/types\/post"}],"author":[{"embeddable":true,"href":"https:\/\/www.ifmarinvast.se\/orientering\/wp-json\/wp\/v2\/users\/2"}],"replies":[{"embeddable":true,"href":"https:\/\/www.ifmarinvast.se\/orientering\/wp-json\/wp\/v2\/comments?post=982"}],"version-history":[{"count":1,"href":"https:\/\/www.ifmarinvast.se\/orientering\/wp-json\/wp\/v2\/posts\/982\/revisions"}],"predecessor-version":[{"id":3111,"href":"https:\/\/www.ifmarinvast.se\/orientering\/wp-json\/wp\/v2\/posts\/982\/revisions\/3111"}],"wp:attachment":[{"href":"https:\/\/www.ifmarinvast.se\/orientering\/wp-json\/wp\/v2\/media?parent=982"}],"wp:term":[{"taxonomy":"category","embeddable":true,"href":"https:\/\/www.ifmarinvast.se\/orientering\/wp-json\/wp\/v2\/categories?post=982"},{"taxonomy":"post_tag","embeddable":true,"href":"https:\/\/www.ifmarinvast.se\/orientering\/wp-json\/wp\/v2\/tags?post=982"}],"curies":[{"name":"wp","href":"https:\/\/api.w.org\/{rel}","templated":true}]}}