{"id":977,"date":"2005-04-17T00:00:00","date_gmt":"2005-04-16T22:00:00","guid":{"rendered":"http:\/\/ifmarinvast.se\/2016\/norgeresultat\/"},"modified":"2015-10-11T14:44:02","modified_gmt":"2015-10-11T12:44:02","slug":"norgeresultat","status":"publish","type":"post","link":"https:\/\/www.ifmarinvast.se\/orientering\/norgeresultat\/","title":{"rendered":"Norgeresultat"},"content":{"rendered":"<p><img src='http:\/\/www.ifmv.nu\/pic\/norge.gif' align='right' border='0'>Fjorton ressugna IFMVare och ett g\u00e4ng GMOKare begav sig p\u00e5 l\u00f6rdagens morgon iv\u00e4g mot Norge f\u00f6r att springa Norweigan Spring. P\u00e5 l\u00f6rdagen hade vi ett tjejlag i V\u00e5rstafetten medan vi \u00f6vriga sprang V\u00e5rspretten. P\u00e5 s\u00f6ndagen sprang vi alla Solrenningen och solen kom faktiskt \u00e4nda upp till <a href='http:\/\/www.rudskogen.no\/' target='_blank'>Rudskogen Motorsenter<\/a> som utgjorde TC.<br \/>L\u00f6rdag: <a href='http:\/\/dokumenter.halden-skiklubb.no\/nspring\/2005\/Vaar_resultater\/INDEX.HTM' target=_blank'>Resultat<\/a> och <a href='http:\/\/dokumenter.halden-skiklubb.no\/nspring\/2005\/Vaar_strekk\/INDEX.HTM' target=_blank'>str\u00e4cktider<\/a><br \/>S\u00f6ndag: <a href='http:\/\/dokumenter.halden-skiklubb.no\/nspring\/2005\/SOLrenningen\/INDEX.HTM' target='_blank'>Resultat och str\u00e4cktider<\/a><\/p>\n","protected":false},"excerpt":{"rendered":"<p>Fjorton ressugna IFMVare och ett g\u00e4ng GMOKare begav sig p\u00e5 l\u00f6rdagens morgon iv\u00e4g mot Norge f\u00f6r att springa Norweigan Spring. P\u00e5 l\u00f6rdagen hade vi ett tjejlag i V\u00e5rstafetten medan vi [&hellip;]<\/p>\n","protected":false},"author":2,"featured_media":0,"comment_status":"open","ping_status":"open","sticky":false,"template":"","format":"standard","meta":{"footnotes":""},"categories":[262,1],"tags":[],"class_list":["post-977","post","type-post","status-publish","format-standard","hentry","category-nyheter","category-okategoriserade"],"_links":{"self":[{"href":"https:\/\/www.ifmarinvast.se\/orientering\/wp-json\/wp\/v2\/posts\/977","targetHints":{"allow":["GET"]}}],"collection":[{"href":"https:\/\/www.ifmarinvast.se\/orientering\/wp-json\/wp\/v2\/posts"}],"about":[{"href":"https:\/\/www.ifmarinvast.se\/orientering\/wp-json\/wp\/v2\/types\/post"}],"author":[{"embeddable":true,"href":"https:\/\/www.ifmarinvast.se\/orientering\/wp-json\/wp\/v2\/users\/2"}],"replies":[{"embeddable":true,"href":"https:\/\/www.ifmarinvast.se\/orientering\/wp-json\/wp\/v2\/comments?post=977"}],"version-history":[{"count":1,"href":"https:\/\/www.ifmarinvast.se\/orientering\/wp-json\/wp\/v2\/posts\/977\/revisions"}],"predecessor-version":[{"id":1823,"href":"https:\/\/www.ifmarinvast.se\/orientering\/wp-json\/wp\/v2\/posts\/977\/revisions\/1823"}],"wp:attachment":[{"href":"https:\/\/www.ifmarinvast.se\/orientering\/wp-json\/wp\/v2\/media?parent=977"}],"wp:term":[{"taxonomy":"category","embeddable":true,"href":"https:\/\/www.ifmarinvast.se\/orientering\/wp-json\/wp\/v2\/categories?post=977"},{"taxonomy":"post_tag","embeddable":true,"href":"https:\/\/www.ifmarinvast.se\/orientering\/wp-json\/wp\/v2\/tags?post=977"}],"curies":[{"name":"wp","href":"https:\/\/api.w.org\/{rel}","templated":true}]}}