{"id":969,"date":"2005-04-11T00:00:00","date_gmt":"2005-04-10T22:00:00","guid":{"rendered":"http:\/\/ifmarinvast.se\/2016\/gmoks-stadscup-2005-installd\/"},"modified":"2015-10-11T14:44:03","modified_gmt":"2015-10-11T12:44:03","slug":"gmoks-stadscup-2005-installd","status":"publish","type":"post","link":"https:\/\/www.ifmarinvast.se\/orientering\/gmoks-stadscup-2005-installd\/","title":{"rendered":"GMOKs stadscup 2005 inst\u00e4lld"},"content":{"rendered":"<p>GMOK meddelar att de har beslutat att st\u00e4lla in samtliga delt\u00e4vlingar. T\u00e4vlingarna skulle ha arrangerats f\u00f6ljande datum: 11\/5, 18\/5, 25\/5 och 4\/6.<\/p>\n","protected":false},"excerpt":{"rendered":"<p>GMOK meddelar att de har beslutat att st\u00e4lla in samtliga delt\u00e4vlingar. T\u00e4vlingarna skulle ha arrangerats f\u00f6ljande datum: 11\/5, 18\/5, 25\/5 och 4\/6.<\/p>\n","protected":false},"author":2,"featured_media":0,"comment_status":"open","ping_status":"open","sticky":false,"template":"","format":"standard","meta":{"footnotes":""},"categories":[262,1],"tags":[],"class_list":["post-969","post","type-post","status-publish","format-standard","hentry","category-nyheter","category-okategoriserade"],"_links":{"self":[{"href":"https:\/\/www.ifmarinvast.se\/orientering\/wp-json\/wp\/v2\/posts\/969","targetHints":{"allow":["GET"]}}],"collection":[{"href":"https:\/\/www.ifmarinvast.se\/orientering\/wp-json\/wp\/v2\/posts"}],"about":[{"href":"https:\/\/www.ifmarinvast.se\/orientering\/wp-json\/wp\/v2\/types\/post"}],"author":[{"embeddable":true,"href":"https:\/\/www.ifmarinvast.se\/orientering\/wp-json\/wp\/v2\/users\/2"}],"replies":[{"embeddable":true,"href":"https:\/\/www.ifmarinvast.se\/orientering\/wp-json\/wp\/v2\/comments?post=969"}],"version-history":[{"count":1,"href":"https:\/\/www.ifmarinvast.se\/orientering\/wp-json\/wp\/v2\/posts\/969\/revisions"}],"predecessor-version":[{"id":1820,"href":"https:\/\/www.ifmarinvast.se\/orientering\/wp-json\/wp\/v2\/posts\/969\/revisions\/1820"}],"wp:attachment":[{"href":"https:\/\/www.ifmarinvast.se\/orientering\/wp-json\/wp\/v2\/media?parent=969"}],"wp:term":[{"taxonomy":"category","embeddable":true,"href":"https:\/\/www.ifmarinvast.se\/orientering\/wp-json\/wp\/v2\/categories?post=969"},{"taxonomy":"post_tag","embeddable":true,"href":"https:\/\/www.ifmarinvast.se\/orientering\/wp-json\/wp\/v2\/tags?post=969"}],"curies":[{"name":"wp","href":"https:\/\/api.w.org\/{rel}","templated":true}]}}