{"id":967,"date":"2005-04-10T00:00:00","date_gmt":"2005-04-09T22:00:00","guid":{"rendered":"http:\/\/ifmarinvast.se\/2016\/tappat-byxorna\/"},"modified":"2015-10-11T14:44:03","modified_gmt":"2015-10-11T12:44:03","slug":"tappat-byxorna","status":"publish","type":"post","link":"https:\/\/www.ifmarinvast.se\/orientering\/tappat-byxorna\/","title":{"rendered":"Tappat byxorna??"},"content":{"rendered":"<p>P\u00e5 t\u00e4vlingen idag kom ett par orienteringsbyxor fram, som n\u00e5gon i klubben b\u00f6r ha saknat sedan Kung\u00e4lvs t\u00e4vling Pepparkaksluffen i fjol.<\/p>\n<p>Byxorna \u00e4r v\u00e5ra r\u00f6da K\u00e4mp\u00e9la med bl\u00e5 rev\u00e4r och bl\u00e5tt och gult streck \u00f6ver l\u00e5ret, strl 4, onamnade och utan h\u00e5l eller skador. Byx\u00e4gare &#8211; <a href = 'mailto:linda@ifmv.nu'>h\u00f6r av dig!<\/a><\/p>\n","protected":false},"excerpt":{"rendered":"<p>P\u00e5 t\u00e4vlingen idag kom ett par orienteringsbyxor fram, som n\u00e5gon i klubben b\u00f6r ha saknat sedan Kung\u00e4lvs t\u00e4vling Pepparkaksluffen i fjol. Byxorna \u00e4r v\u00e5ra r\u00f6da K\u00e4mp\u00e9la med bl\u00e5 rev\u00e4r och [&hellip;]<\/p>\n","protected":false},"author":2,"featured_media":0,"comment_status":"open","ping_status":"open","sticky":false,"template":"","format":"standard","meta":{"footnotes":""},"categories":[262,1],"tags":[],"class_list":["post-967","post","type-post","status-publish","format-standard","hentry","category-nyheter","category-okategoriserade"],"_links":{"self":[{"href":"https:\/\/www.ifmarinvast.se\/orientering\/wp-json\/wp\/v2\/posts\/967","targetHints":{"allow":["GET"]}}],"collection":[{"href":"https:\/\/www.ifmarinvast.se\/orientering\/wp-json\/wp\/v2\/posts"}],"about":[{"href":"https:\/\/www.ifmarinvast.se\/orientering\/wp-json\/wp\/v2\/types\/post"}],"author":[{"embeddable":true,"href":"https:\/\/www.ifmarinvast.se\/orientering\/wp-json\/wp\/v2\/users\/2"}],"replies":[{"embeddable":true,"href":"https:\/\/www.ifmarinvast.se\/orientering\/wp-json\/wp\/v2\/comments?post=967"}],"version-history":[{"count":1,"href":"https:\/\/www.ifmarinvast.se\/orientering\/wp-json\/wp\/v2\/posts\/967\/revisions"}],"predecessor-version":[{"id":1819,"href":"https:\/\/www.ifmarinvast.se\/orientering\/wp-json\/wp\/v2\/posts\/967\/revisions\/1819"}],"wp:attachment":[{"href":"https:\/\/www.ifmarinvast.se\/orientering\/wp-json\/wp\/v2\/media?parent=967"}],"wp:term":[{"taxonomy":"category","embeddable":true,"href":"https:\/\/www.ifmarinvast.se\/orientering\/wp-json\/wp\/v2\/categories?post=967"},{"taxonomy":"post_tag","embeddable":true,"href":"https:\/\/www.ifmarinvast.se\/orientering\/wp-json\/wp\/v2\/tags?post=967"}],"curies":[{"name":"wp","href":"https:\/\/api.w.org\/{rel}","templated":true}]}}