{"id":959,"date":"2005-03-21T00:00:00","date_gmt":"2005-03-20T23:00:00","guid":{"rendered":"http:\/\/ifmarinvast.se\/2016\/snotrampen-installd-pga-snon\/"},"modified":"2015-10-11T14:44:14","modified_gmt":"2015-10-11T12:44:14","slug":"snotrampen-installd-pga-snon","status":"publish","type":"post","link":"https:\/\/www.ifmarinvast.se\/orientering\/snotrampen-installd-pga-snon\/","title":{"rendered":"Sn\u00f6trampen inst\u00e4lld pga sn\u00f6n"},"content":{"rendered":"<p><img src='http:\/\/www.ifmv.nu\/pic\/faik.gif' align='right' border=0>Fj\u00e4r\u00e5s AIK meddelar att Sn\u00f6trampen 2005 \u00e4r inst\u00e4lld. &#8217;P\u00e5 grund av det l\u00e5ngvariga vinterv\u00e4dret s\u00e5 \u00e4r f\u00f6rh\u00e5llandena b\u00e5de i skog och framf\u00f6rallt p\u00e5 det tillt\u00e4nkta TC och parkeringen mycket opassande f\u00f6r den tillt\u00e4nkta verksamheten&#8217; skriver man p\u00e5 sin <a href='http:\/\/www.svenskidrott.se\/Organisation.asp?orgelementid=27246'>hemsida<\/a>.<\/p>\n","protected":false},"excerpt":{"rendered":"<p>Fj\u00e4r\u00e5s AIK meddelar att Sn\u00f6trampen 2005 \u00e4r inst\u00e4lld. &#8217;P\u00e5 grund av det l\u00e5ngvariga vinterv\u00e4dret s\u00e5 \u00e4r f\u00f6rh\u00e5llandena b\u00e5de i skog och framf\u00f6rallt p\u00e5 det tillt\u00e4nkta TC och parkeringen mycket opassande [&hellip;]<\/p>\n","protected":false},"author":2,"featured_media":0,"comment_status":"open","ping_status":"open","sticky":false,"template":"","format":"standard","meta":{"footnotes":""},"categories":[262,1],"tags":[],"class_list":["post-959","post","type-post","status-publish","format-standard","hentry","category-nyheter","category-okategoriserade"],"_links":{"self":[{"href":"https:\/\/www.ifmarinvast.se\/orientering\/wp-json\/wp\/v2\/posts\/959","targetHints":{"allow":["GET"]}}],"collection":[{"href":"https:\/\/www.ifmarinvast.se\/orientering\/wp-json\/wp\/v2\/posts"}],"about":[{"href":"https:\/\/www.ifmarinvast.se\/orientering\/wp-json\/wp\/v2\/types\/post"}],"author":[{"embeddable":true,"href":"https:\/\/www.ifmarinvast.se\/orientering\/wp-json\/wp\/v2\/users\/2"}],"replies":[{"embeddable":true,"href":"https:\/\/www.ifmarinvast.se\/orientering\/wp-json\/wp\/v2\/comments?post=959"}],"version-history":[{"count":1,"href":"https:\/\/www.ifmarinvast.se\/orientering\/wp-json\/wp\/v2\/posts\/959\/revisions"}],"predecessor-version":[{"id":1815,"href":"https:\/\/www.ifmarinvast.se\/orientering\/wp-json\/wp\/v2\/posts\/959\/revisions\/1815"}],"wp:attachment":[{"href":"https:\/\/www.ifmarinvast.se\/orientering\/wp-json\/wp\/v2\/media?parent=959"}],"wp:term":[{"taxonomy":"category","embeddable":true,"href":"https:\/\/www.ifmarinvast.se\/orientering\/wp-json\/wp\/v2\/categories?post=959"},{"taxonomy":"post_tag","embeddable":true,"href":"https:\/\/www.ifmarinvast.se\/orientering\/wp-json\/wp\/v2\/tags?post=959"}],"curies":[{"name":"wp","href":"https:\/\/api.w.org\/{rel}","templated":true}]}}