{"id":955,"date":"2005-03-17T00:00:00","date_gmt":"2005-03-16T23:00:00","guid":{"rendered":"http:\/\/ifmarinvast.se\/2016\/installda-tavlingar-i-helgen\/"},"modified":"2015-10-11T14:44:14","modified_gmt":"2015-10-11T12:44:14","slug":"installda-tavlingar-i-helgen","status":"publish","type":"post","link":"https:\/\/www.ifmarinvast.se\/orientering\/installda-tavlingar-i-helgen\/","title":{"rendered":"Inst\u00e4llda t\u00e4vlingar i helgen!!!"},"content":{"rendered":"<p>F\u00f6r er som t\u00e4nkt springa SAIStrampen och Kvillebyns klassiska i helgen:<br \/>Pga all sn\u00f6 och is i skogen s\u00e5 har St\u00e5ngen\u00e4s och Kvillebyns t\u00e4vlingar den 19:e respektive 20:e mars st\u00e4llts in. L\u00e4s mer p\u00e5 respektive klubbs hemsida <a href='http:\/\/www.kvillebyn.nu\/' target='_blank'>www.kvillebyn.nu<\/a><br \/><a href='http:\/\/www.sais-ol.org\/' target='_blank'>www.sais-ol.org<\/a><\/p>\n","protected":false},"excerpt":{"rendered":"<p>F\u00f6r er som t\u00e4nkt springa SAIStrampen och Kvillebyns klassiska i helgen:Pga all sn\u00f6 och is i skogen s\u00e5 har St\u00e5ngen\u00e4s och Kvillebyns t\u00e4vlingar den 19:e respektive 20:e mars st\u00e4llts in. [&hellip;]<\/p>\n","protected":false},"author":2,"featured_media":0,"comment_status":"open","ping_status":"open","sticky":false,"template":"","format":"standard","meta":{"footnotes":""},"categories":[262,1],"tags":[],"class_list":["post-955","post","type-post","status-publish","format-standard","hentry","category-nyheter","category-okategoriserade"],"_links":{"self":[{"href":"https:\/\/www.ifmarinvast.se\/orientering\/wp-json\/wp\/v2\/posts\/955","targetHints":{"allow":["GET"]}}],"collection":[{"href":"https:\/\/www.ifmarinvast.se\/orientering\/wp-json\/wp\/v2\/posts"}],"about":[{"href":"https:\/\/www.ifmarinvast.se\/orientering\/wp-json\/wp\/v2\/types\/post"}],"author":[{"embeddable":true,"href":"https:\/\/www.ifmarinvast.se\/orientering\/wp-json\/wp\/v2\/users\/2"}],"replies":[{"embeddable":true,"href":"https:\/\/www.ifmarinvast.se\/orientering\/wp-json\/wp\/v2\/comments?post=955"}],"version-history":[{"count":1,"href":"https:\/\/www.ifmarinvast.se\/orientering\/wp-json\/wp\/v2\/posts\/955\/revisions"}],"predecessor-version":[{"id":1814,"href":"https:\/\/www.ifmarinvast.se\/orientering\/wp-json\/wp\/v2\/posts\/955\/revisions\/1814"}],"wp:attachment":[{"href":"https:\/\/www.ifmarinvast.se\/orientering\/wp-json\/wp\/v2\/media?parent=955"}],"wp:term":[{"taxonomy":"category","embeddable":true,"href":"https:\/\/www.ifmarinvast.se\/orientering\/wp-json\/wp\/v2\/categories?post=955"},{"taxonomy":"post_tag","embeddable":true,"href":"https:\/\/www.ifmarinvast.se\/orientering\/wp-json\/wp\/v2\/tags?post=955"}],"curies":[{"name":"wp","href":"https:\/\/api.w.org\/{rel}","templated":true}]}}