{"id":944,"date":"2005-03-03T00:00:00","date_gmt":"2005-03-02T23:00:00","guid":{"rendered":"http:\/\/ifmarinvast.se\/2016\/nu-ar-kladerna-nara\/"},"modified":"2015-10-11T14:44:15","modified_gmt":"2015-10-11T12:44:15","slug":"nu-ar-kladerna-nara","status":"publish","type":"post","link":"https:\/\/www.ifmarinvast.se\/orientering\/nu-ar-kladerna-nara\/","title":{"rendered":"Nu \u00e4r kl\u00e4derna n\u00e4ra!!!"},"content":{"rendered":"<p>Kl\u00e4dbest\u00e4llningsorganisationen l\u00e5ter h\u00e4lsa att v\u00e5ra nya kl\u00e4der nu befinner sig i G\u00f6teborg, bara trycket \u00e5terst\u00e5r. Planen \u00e4r att vi skall kunna st\u00e4lla upp i nya kl\u00e4der vid t\u00e4vlingspremi\u00e4ren n\u00e4sta helg!<\/p>\n<p><a href='http:\/\/www.longitud.net\/ifmv\/album\/album\/nyaklader_0002.wmv' target='_blank'><img src='http:\/\/www.longitud.net\/ifmv\/album\/album\/arkiv\/nyaklader4.jpg' height='100' width='133' align='right' border =1><\/a>Jag kommer under n\u00e4sta vecka att skicka ut en specifikation till alla dem som best\u00e4llt kl\u00e4der (betalningen g\u00f6rs sedan via postgiro). D\u00e5 f\u00e5r ni \u00e4ven veta var och hur utl\u00e4mningen kommer ske&#8230; :)! <\/p>\n<p>Alla nyfikna kan ta en titt p\u00e5 den nya <a href='http:\/\/www.longitud.net\/ifmv\/album\/album\/nyaklader_0002.wmv'>filmen<\/a>.<\/p>\n","protected":false},"excerpt":{"rendered":"<p>Kl\u00e4dbest\u00e4llningsorganisationen l\u00e5ter h\u00e4lsa att v\u00e5ra nya kl\u00e4der nu befinner sig i G\u00f6teborg, bara trycket \u00e5terst\u00e5r. Planen \u00e4r att vi skall kunna st\u00e4lla upp i nya kl\u00e4der vid t\u00e4vlingspremi\u00e4ren n\u00e4sta helg! [&hellip;]<\/p>\n","protected":false},"author":2,"featured_media":0,"comment_status":"open","ping_status":"open","sticky":false,"template":"","format":"standard","meta":{"footnotes":""},"categories":[262,1],"tags":[],"class_list":["post-944","post","type-post","status-publish","format-standard","hentry","category-nyheter","category-okategoriserade"],"_links":{"self":[{"href":"https:\/\/www.ifmarinvast.se\/orientering\/wp-json\/wp\/v2\/posts\/944","targetHints":{"allow":["GET"]}}],"collection":[{"href":"https:\/\/www.ifmarinvast.se\/orientering\/wp-json\/wp\/v2\/posts"}],"about":[{"href":"https:\/\/www.ifmarinvast.se\/orientering\/wp-json\/wp\/v2\/types\/post"}],"author":[{"embeddable":true,"href":"https:\/\/www.ifmarinvast.se\/orientering\/wp-json\/wp\/v2\/users\/2"}],"replies":[{"embeddable":true,"href":"https:\/\/www.ifmarinvast.se\/orientering\/wp-json\/wp\/v2\/comments?post=944"}],"version-history":[{"count":1,"href":"https:\/\/www.ifmarinvast.se\/orientering\/wp-json\/wp\/v2\/posts\/944\/revisions"}],"predecessor-version":[{"id":1810,"href":"https:\/\/www.ifmarinvast.se\/orientering\/wp-json\/wp\/v2\/posts\/944\/revisions\/1810"}],"wp:attachment":[{"href":"https:\/\/www.ifmarinvast.se\/orientering\/wp-json\/wp\/v2\/media?parent=944"}],"wp:term":[{"taxonomy":"category","embeddable":true,"href":"https:\/\/www.ifmarinvast.se\/orientering\/wp-json\/wp\/v2\/categories?post=944"},{"taxonomy":"post_tag","embeddable":true,"href":"https:\/\/www.ifmarinvast.se\/orientering\/wp-json\/wp\/v2\/tags?post=944"}],"curies":[{"name":"wp","href":"https:\/\/api.w.org\/{rel}","templated":true}]}}