{"id":94,"date":"2013-07-20T21:57:19","date_gmt":"2013-07-20T19:57:19","guid":{"rendered":"https:\/\/ifmvorientering.wordpress.com\/?p=94"},"modified":"2015-10-11T14:12:12","modified_gmt":"2015-10-11T12:12:12","slug":"forberedelser","status":"publish","type":"post","link":"https:\/\/www.ifmarinvast.se\/orientering\/forberedelser\/","title":{"rendered":"F\u00f6rberedelser"},"content":{"rendered":"<p>Kv\u00e4llen f\u00f6re t\u00e4vling och tyst, febril aktivitet r\u00e5der p\u00e5 logementet. F\u00f6tter tejpas, v\u00e4skor packas, saker kommer bort och kommer fram. Alla logementsboende IFMVare har nu anl\u00e4nt. Imorgon kommer vi att f\u00e5 springa brant uppf\u00f6r och extremt detaljrikt och -fattigt i R\u00f6dbergsterr\u00e4ngen. Med 4km att g\u00e5 till start och l\u00e5nga och sv\u00e5ra banor kommer morgondagen att bli en utmaning! <\/p>\n<p>Godnatt, alla bloggf\u00f6ljare!<\/p>\n<p><img decoding=\"async\" title=\"DSC_0188.JPG\" class=\"alignnone\" alt=\"image\" src=\"http:\/\/ifmvorientering.files.wordpress.com\/2013\/07\/wpid-dsc_0188.jpg\" \/><\/p>\n<p><img decoding=\"async\" title=\"DSC_0189.JPG\" class=\"alignnone\" alt=\"image\" src=\"http:\/\/ifmvorientering.files.wordpress.com\/2013\/07\/wpid-dsc_0189.jpg\" \/><\/p>\n<p><img decoding=\"async\" title=\"DSC_0190.JPG\" class=\"alignnone\" alt=\"image\" src=\"http:\/\/ifmvorientering.files.wordpress.com\/2013\/07\/wpid-dsc_0190.jpg\" \/><\/p>\n","protected":false},"excerpt":{"rendered":"<p>Kv\u00e4llen f\u00f6re t\u00e4vling och tyst, febril aktivitet r\u00e5der p\u00e5 logementet. F\u00f6tter tejpas, v\u00e4skor packas, saker kommer bort och kommer fram. Alla logementsboende IFMVare har nu anl\u00e4nt. Imorgon kommer vi att [&hellip;]<\/p>\n","protected":false},"author":2,"featured_media":0,"comment_status":"open","ping_status":"open","sticky":false,"template":"","format":"standard","meta":{"footnotes":""},"categories":[263],"tags":[91,126,127,156,268,165,191,197,234],"class_list":["post-94","post","type-post","status-publish","format-standard","hentry","category-bloggen","tag-gps-klocka","tag-kylklampar","tag-ladda","tag-nummerlapp","tag-o-ringen-boden-2013","tag-orienteringsskor","tag-sakerhetsnal","tag-skavsarsplaster","tag-vaska"],"_links":{"self":[{"href":"https:\/\/www.ifmarinvast.se\/orientering\/wp-json\/wp\/v2\/posts\/94","targetHints":{"allow":["GET"]}}],"collection":[{"href":"https:\/\/www.ifmarinvast.se\/orientering\/wp-json\/wp\/v2\/posts"}],"about":[{"href":"https:\/\/www.ifmarinvast.se\/orientering\/wp-json\/wp\/v2\/types\/post"}],"author":[{"embeddable":true,"href":"https:\/\/www.ifmarinvast.se\/orientering\/wp-json\/wp\/v2\/users\/2"}],"replies":[{"embeddable":true,"href":"https:\/\/www.ifmarinvast.se\/orientering\/wp-json\/wp\/v2\/comments?post=94"}],"version-history":[{"count":1,"href":"https:\/\/www.ifmarinvast.se\/orientering\/wp-json\/wp\/v2\/posts\/94\/revisions"}],"predecessor-version":[{"id":2988,"href":"https:\/\/www.ifmarinvast.se\/orientering\/wp-json\/wp\/v2\/posts\/94\/revisions\/2988"}],"wp:attachment":[{"href":"https:\/\/www.ifmarinvast.se\/orientering\/wp-json\/wp\/v2\/media?parent=94"}],"wp:term":[{"taxonomy":"category","embeddable":true,"href":"https:\/\/www.ifmarinvast.se\/orientering\/wp-json\/wp\/v2\/categories?post=94"},{"taxonomy":"post_tag","embeddable":true,"href":"https:\/\/www.ifmarinvast.se\/orientering\/wp-json\/wp\/v2\/tags?post=94"}],"curies":[{"name":"wp","href":"https:\/\/api.w.org\/{rel}","templated":true}]}}