{"id":922,"date":"2015-07-24T16:09:05","date_gmt":"2015-07-24T14:09:05","guid":{"rendered":"https:\/\/ifmvorientering.wordpress.com\/?p=922"},"modified":"2015-10-11T14:13:04","modified_gmt":"2015-10-11T12:13:04","slug":"nu-har-vi-gatt-i-mal","status":"publish","type":"post","link":"https:\/\/www.ifmarinvast.se\/orientering\/nu-har-vi-gatt-i-mal\/","title":{"rendered":"Nu har vi g\u00e5tt i m\u00e5l"},"content":{"rendered":"<p>Efter en fantastisk vecka med utmanande orientering och varierande terr\u00e4ng har vi nu alla g\u00e5tt i m\u00e5l. Vilken bra O-ring vi har gjort! Alla har jobbat H\u00e5rt och fullf\u00f6ljt sina klasser. Inte en enda IFMVare har brutit, st\u00e4mplat fel eller skadat sig p\u00e5 illa att de har beh\u00f6vt byta.<\/p>\n<p>H\u00e4r har Staffan i m\u00e5l som sista IFMV-l\u00f6pare. Bra fart! <\/p>\n<p><a href=\"https:\/\/www.ifmarinvast.se\/orientering\/wp-content\/uploads\/2015\/07\/wpid-img_20150724_154313.jpg\"><img decoding=\"async\" title=\"IMG_20150724_154313.jpg\" class=\"alignnone size-full\" alt=\"image\" src=\"https:\/\/www.ifmarinvast.se\/orientering\/wp-content\/uploads\/2015\/07\/wpid-img_20150724_154313.jpg\" \/><\/a><\/p>\n<p><a href=\"https:\/\/www.ifmarinvast.se\/orientering\/wp-content\/uploads\/2015\/07\/wpid-img_20150724_1543171.jpg\"><img decoding=\"async\" title=\"IMG_20150724_154317.jpg\" class=\"alignnone size-full\" alt=\"image\" src=\"https:\/\/www.ifmarinvast.se\/orientering\/wp-content\/uploads\/2015\/07\/wpid-img_20150724_1543171.jpg\" \/><\/a><\/p>\n<p><a href=\"https:\/\/www.ifmarinvast.se\/orientering\/wp-content\/uploads\/2015\/07\/wpid-img_20150724_1546371.jpg\"><img decoding=\"async\" title=\"IMG_20150724_154637.jpg\" class=\"alignnone size-full\" alt=\"image\" src=\"https:\/\/www.ifmarinvast.se\/orientering\/wp-content\/uploads\/2015\/07\/wpid-img_20150724_1546371.jpg\" \/><\/a><\/p>\n","protected":false},"excerpt":{"rendered":"<p>Efter en fantastisk vecka med utmanande orientering och varierande terr\u00e4ng har vi nu alla g\u00e5tt i m\u00e5l. Vilken bra O-ring vi har gjort! Alla har jobbat H\u00e5rt och fullf\u00f6ljt sina [&hellip;]<\/p>\n","protected":false},"author":2,"featured_media":0,"comment_status":"open","ping_status":"open","sticky":false,"template":"","format":"standard","meta":{"footnotes":""},"categories":[263],"tags":[269],"class_list":["post-922","post","type-post","status-publish","format-standard","hentry","category-bloggen","tag-o-ringen-boras-2015"],"_links":{"self":[{"href":"https:\/\/www.ifmarinvast.se\/orientering\/wp-json\/wp\/v2\/posts\/922","targetHints":{"allow":["GET"]}}],"collection":[{"href":"https:\/\/www.ifmarinvast.se\/orientering\/wp-json\/wp\/v2\/posts"}],"about":[{"href":"https:\/\/www.ifmarinvast.se\/orientering\/wp-json\/wp\/v2\/types\/post"}],"author":[{"embeddable":true,"href":"https:\/\/www.ifmarinvast.se\/orientering\/wp-json\/wp\/v2\/users\/2"}],"replies":[{"embeddable":true,"href":"https:\/\/www.ifmarinvast.se\/orientering\/wp-json\/wp\/v2\/comments?post=922"}],"version-history":[{"count":1,"href":"https:\/\/www.ifmarinvast.se\/orientering\/wp-json\/wp\/v2\/posts\/922\/revisions"}],"predecessor-version":[{"id":2768,"href":"https:\/\/www.ifmarinvast.se\/orientering\/wp-json\/wp\/v2\/posts\/922\/revisions\/2768"}],"wp:attachment":[{"href":"https:\/\/www.ifmarinvast.se\/orientering\/wp-json\/wp\/v2\/media?parent=922"}],"wp:term":[{"taxonomy":"category","embeddable":true,"href":"https:\/\/www.ifmarinvast.se\/orientering\/wp-json\/wp\/v2\/categories?post=922"},{"taxonomy":"post_tag","embeddable":true,"href":"https:\/\/www.ifmarinvast.se\/orientering\/wp-json\/wp\/v2\/tags?post=922"}],"curies":[{"name":"wp","href":"https:\/\/api.w.org\/{rel}","templated":true}]}}