{"id":919,"date":"2005-02-10T00:00:00","date_gmt":"2005-02-09T23:00:00","guid":{"rendered":"http:\/\/ifmarinvast.se\/2016\/traningslager-i-uddevalla-4-6-mars\/"},"modified":"2015-10-11T14:44:16","modified_gmt":"2015-10-11T12:44:16","slug":"traningslager-i-uddevalla-4-6-mars","status":"publish","type":"post","link":"https:\/\/www.ifmarinvast.se\/orientering\/traningslager-i-uddevalla-4-6-mars\/","title":{"rendered":"Tr\u00e4ningsl\u00e4ger i Uddevalla 4-6 mars"},"content":{"rendered":"<p><a href='http:\/\/longitud.net\/ifmv\/traningslager2005\/inbjudan.pdf' target='blank'><img src='http:\/\/longitud.net\/ifmv\/traningslager2005\/emma.jpg' height='190' width='150' align='left' border=1><\/a><br \/><b>-dags att anm\u00e4la sig!<\/b><\/p>\n<p>H\u00e4ng med p\u00e5 l\u00e4ger f\u00f6rsta helgen i mars och kom i form inf\u00f6r OL-s\u00e4songen. Vi kan utlova mycket orientering med fokus p\u00e5 orienteringsteknik d\u00e4r vi \u00e4ven f\u00e5r tid att studera v\u00e5ra v\u00e4gval.<br \/>Vi vill po\u00e4ngtera att alla (ALLA!) \u00e4r v\u00e4lkomna p\u00e5 detta l\u00e4ger.<\/p>\n<p>Missa inte heller chansen att kl\u00e5 Herkules i den prestigefulla klubbkampen mot dem. <\/p>\n<p>Anm\u00e4lan till <a href='mailto:traningslager@ifmv.nu'>traningslager@ifmv.nu<\/a> senast 22 feb.<\/p>\n<p><a href='http:\/\/longitud.net\/ifmv\/traningslager2005\/inbjudan.pdf' target='blank'>H\u00e4r kan du l\u00e4sa hela inbjudan\u00bb<\/a>. <\/p>\n","protected":false},"excerpt":{"rendered":"<p>-dags att anm\u00e4la sig! H\u00e4ng med p\u00e5 l\u00e4ger f\u00f6rsta helgen i mars och kom i form inf\u00f6r OL-s\u00e4songen. Vi kan utlova mycket orientering med fokus p\u00e5 orienteringsteknik d\u00e4r vi \u00e4ven [&hellip;]<\/p>\n","protected":false},"author":2,"featured_media":0,"comment_status":"open","ping_status":"open","sticky":false,"template":"","format":"standard","meta":{"footnotes":""},"categories":[262,1],"tags":[],"class_list":["post-919","post","type-post","status-publish","format-standard","hentry","category-nyheter","category-okategoriserade"],"_links":{"self":[{"href":"https:\/\/www.ifmarinvast.se\/orientering\/wp-json\/wp\/v2\/posts\/919","targetHints":{"allow":["GET"]}}],"collection":[{"href":"https:\/\/www.ifmarinvast.se\/orientering\/wp-json\/wp\/v2\/posts"}],"about":[{"href":"https:\/\/www.ifmarinvast.se\/orientering\/wp-json\/wp\/v2\/types\/post"}],"author":[{"embeddable":true,"href":"https:\/\/www.ifmarinvast.se\/orientering\/wp-json\/wp\/v2\/users\/2"}],"replies":[{"embeddable":true,"href":"https:\/\/www.ifmarinvast.se\/orientering\/wp-json\/wp\/v2\/comments?post=919"}],"version-history":[{"count":1,"href":"https:\/\/www.ifmarinvast.se\/orientering\/wp-json\/wp\/v2\/posts\/919\/revisions"}],"predecessor-version":[{"id":1802,"href":"https:\/\/www.ifmarinvast.se\/orientering\/wp-json\/wp\/v2\/posts\/919\/revisions\/1802"}],"wp:attachment":[{"href":"https:\/\/www.ifmarinvast.se\/orientering\/wp-json\/wp\/v2\/media?parent=919"}],"wp:term":[{"taxonomy":"category","embeddable":true,"href":"https:\/\/www.ifmarinvast.se\/orientering\/wp-json\/wp\/v2\/categories?post=919"},{"taxonomy":"post_tag","embeddable":true,"href":"https:\/\/www.ifmarinvast.se\/orientering\/wp-json\/wp\/v2\/tags?post=919"}],"curies":[{"name":"wp","href":"https:\/\/api.w.org\/{rel}","templated":true}]}}