{"id":918,"date":"2005-02-08T00:00:00","date_gmt":"2005-02-07T23:00:00","guid":{"rendered":"http:\/\/ifmarinvast.se\/2016\/tavlingsresa-till-norwegian-spring\/"},"modified":"2015-10-11T14:44:16","modified_gmt":"2015-10-11T12:44:16","slug":"tavlingsresa-till-norwegian-spring","status":"publish","type":"post","link":"https:\/\/www.ifmarinvast.se\/orientering\/tavlingsresa-till-norwegian-spring\/","title":{"rendered":"T\u00e4vlingsresa till &#8217;Norwegian Spring&#8217;"},"content":{"rendered":"<p><a href='http:\/\/www.halden-skiklubb.no\/article\/articleview\/746\/1\/14\/'><img src='http:\/\/www.halden-skiklubb.no\/ezimagecatalogue\/catalogue\/variations\/594-150x150.jpg' align ='right' border='0'><\/a>F\u00f6r er som alltid undrat hur det \u00e4r att springa i Norge kommer nu chansen att prova p\u00e5 detta. \u00c4ven \u00f6vriga \u00e4r v\u00e4lkomna att f\u00f6lja med till Norge helgen <b>16-17 april<\/b>.<\/p>\n<p>IFMV-resor arrangerar denna g\u00e5ng tillsammans med GMOKs Ungdomskommitte. Vi kommer ocks\u00e5 att bo tillsammans med GMOKs ungdomar. <\/p>\n<p><a href='http:\/\/www.ifmv.nu\/aktuellt\/norge2005.pdf' target='blank'>Mer information om resan och v\u00e5rt samarbete med GMOKs Ungdomskommitte \u00bb<\/a>.<\/p>\n","protected":false},"excerpt":{"rendered":"<p>F\u00f6r er som alltid undrat hur det \u00e4r att springa i Norge kommer nu chansen att prova p\u00e5 detta. \u00c4ven \u00f6vriga \u00e4r v\u00e4lkomna att f\u00f6lja med till Norge helgen 16-17 [&hellip;]<\/p>\n","protected":false},"author":2,"featured_media":0,"comment_status":"open","ping_status":"open","sticky":false,"template":"","format":"standard","meta":{"footnotes":""},"categories":[262,1],"tags":[],"class_list":["post-918","post","type-post","status-publish","format-standard","hentry","category-nyheter","category-okategoriserade"],"_links":{"self":[{"href":"https:\/\/www.ifmarinvast.se\/orientering\/wp-json\/wp\/v2\/posts\/918","targetHints":{"allow":["GET"]}}],"collection":[{"href":"https:\/\/www.ifmarinvast.se\/orientering\/wp-json\/wp\/v2\/posts"}],"about":[{"href":"https:\/\/www.ifmarinvast.se\/orientering\/wp-json\/wp\/v2\/types\/post"}],"author":[{"embeddable":true,"href":"https:\/\/www.ifmarinvast.se\/orientering\/wp-json\/wp\/v2\/users\/2"}],"replies":[{"embeddable":true,"href":"https:\/\/www.ifmarinvast.se\/orientering\/wp-json\/wp\/v2\/comments?post=918"}],"version-history":[{"count":1,"href":"https:\/\/www.ifmarinvast.se\/orientering\/wp-json\/wp\/v2\/posts\/918\/revisions"}],"predecessor-version":[{"id":1801,"href":"https:\/\/www.ifmarinvast.se\/orientering\/wp-json\/wp\/v2\/posts\/918\/revisions\/1801"}],"wp:attachment":[{"href":"https:\/\/www.ifmarinvast.se\/orientering\/wp-json\/wp\/v2\/media?parent=918"}],"wp:term":[{"taxonomy":"category","embeddable":true,"href":"https:\/\/www.ifmarinvast.se\/orientering\/wp-json\/wp\/v2\/categories?post=918"},{"taxonomy":"post_tag","embeddable":true,"href":"https:\/\/www.ifmarinvast.se\/orientering\/wp-json\/wp\/v2\/tags?post=918"}],"curies":[{"name":"wp","href":"https:\/\/api.w.org\/{rel}","templated":true}]}}