{"id":915,"date":"2015-07-24T15:40:47","date_gmt":"2015-07-24T13:40:47","guid":{"rendered":"https:\/\/ifmvorientering.wordpress.com\/?p=915"},"modified":"2015-10-11T14:13:04","modified_gmt":"2015-10-11T12:13:04","slug":"snart-kommer-staffan","status":"publish","type":"post","link":"https:\/\/www.ifmarinvast.se\/orientering\/snart-kommer-staffan\/","title":{"rendered":"Snart kommer Staffan!"},"content":{"rendered":"<p>Nu \u00e4r det lite glesare p\u00e5 Bor\u00e5s arena, men &#8211; \u00e4ntligen! &#8211; str\u00e5lande v\u00e4der. Vi har en trogen klack kvar som v\u00e4ntar p\u00e5 att Staffan ska g\u00e5 i m\u00e5l. <\/p>\n<p><a href=\"https:\/\/www.ifmarinvast.se\/orientering\/wp-content\/uploads\/2015\/07\/wpid-img_20150724_152113.jpg\"><img decoding=\"async\" title=\"IMG_20150724_152113.jpg\" class=\"alignnone size-full\" alt=\"image\" src=\"https:\/\/www.ifmarinvast.se\/orientering\/wp-content\/uploads\/2015\/07\/wpid-img_20150724_152113.jpg\" \/><\/a><\/p>\n<p><a href=\"https:\/\/www.ifmarinvast.se\/orientering\/wp-content\/uploads\/2015\/07\/wpid-img_20150724_152718.jpg\"><img decoding=\"async\" title=\"IMG_20150724_152718.jpg\" class=\"alignnone size-full\" alt=\"image\" src=\"https:\/\/www.ifmarinvast.se\/orientering\/wp-content\/uploads\/2015\/07\/wpid-img_20150724_152718.jpg\" \/><\/a><\/p>\n<p><a href=\"https:\/\/www.ifmarinvast.se\/orientering\/wp-content\/uploads\/2015\/07\/wpid-img_20150724_151936.jpg\"><img decoding=\"async\" title=\"IMG_20150724_151936.jpg\" class=\"alignnone size-full\" alt=\"image\" src=\"https:\/\/www.ifmarinvast.se\/orientering\/wp-content\/uploads\/2015\/07\/wpid-img_20150724_151936.jpg\" \/><\/a><\/p>\n<p><a href=\"https:\/\/www.ifmarinvast.se\/orientering\/wp-content\/uploads\/2015\/07\/wpid-img_20150724_153104.jpg\"><img decoding=\"async\" title=\"IMG_20150724_153104.jpg\" class=\"alignnone size-full\" alt=\"image\" src=\"https:\/\/www.ifmarinvast.se\/orientering\/wp-content\/uploads\/2015\/07\/wpid-img_20150724_153104.jpg\" \/><\/a><\/p>\n<p>Upploppet &#8211; undrar om Elfsborg visste hur vi skulle anv\u00e4nda deras plan n\u00e4r de l\u00e5nade ut den?<\/p>\n","protected":false},"excerpt":{"rendered":"<p>Nu \u00e4r det lite glesare p\u00e5 Bor\u00e5s arena, men &#8211; \u00e4ntligen! &#8211; str\u00e5lande v\u00e4der. Vi har en trogen klack kvar som v\u00e4ntar p\u00e5 att Staffan ska g\u00e5 i m\u00e5l. Upploppet [&hellip;]<\/p>\n","protected":false},"author":2,"featured_media":0,"comment_status":"open","ping_status":"open","sticky":false,"template":"","format":"standard","meta":{"footnotes":""},"categories":[263],"tags":[269],"class_list":["post-915","post","type-post","status-publish","format-standard","hentry","category-bloggen","tag-o-ringen-boras-2015"],"_links":{"self":[{"href":"https:\/\/www.ifmarinvast.se\/orientering\/wp-json\/wp\/v2\/posts\/915","targetHints":{"allow":["GET"]}}],"collection":[{"href":"https:\/\/www.ifmarinvast.se\/orientering\/wp-json\/wp\/v2\/posts"}],"about":[{"href":"https:\/\/www.ifmarinvast.se\/orientering\/wp-json\/wp\/v2\/types\/post"}],"author":[{"embeddable":true,"href":"https:\/\/www.ifmarinvast.se\/orientering\/wp-json\/wp\/v2\/users\/2"}],"replies":[{"embeddable":true,"href":"https:\/\/www.ifmarinvast.se\/orientering\/wp-json\/wp\/v2\/comments?post=915"}],"version-history":[{"count":1,"href":"https:\/\/www.ifmarinvast.se\/orientering\/wp-json\/wp\/v2\/posts\/915\/revisions"}],"predecessor-version":[{"id":2769,"href":"https:\/\/www.ifmarinvast.se\/orientering\/wp-json\/wp\/v2\/posts\/915\/revisions\/2769"}],"wp:attachment":[{"href":"https:\/\/www.ifmarinvast.se\/orientering\/wp-json\/wp\/v2\/media?parent=915"}],"wp:term":[{"taxonomy":"category","embeddable":true,"href":"https:\/\/www.ifmarinvast.se\/orientering\/wp-json\/wp\/v2\/categories?post=915"},{"taxonomy":"post_tag","embeddable":true,"href":"https:\/\/www.ifmarinvast.se\/orientering\/wp-json\/wp\/v2\/tags?post=915"}],"curies":[{"name":"wp","href":"https:\/\/api.w.org\/{rel}","templated":true}]}}