{"id":914,"date":"2005-01-26T00:00:00","date_gmt":"2005-01-25T23:00:00","guid":{"rendered":"http:\/\/ifmarinvast.se\/2016\/varens-traningslager-2005\/"},"modified":"2015-10-11T14:44:27","modified_gmt":"2015-10-11T12:44:27","slug":"varens-traningslager-2005","status":"publish","type":"post","link":"https:\/\/www.ifmarinvast.se\/orientering\/varens-traningslager-2005\/","title":{"rendered":"V\u00e5rens tr\u00e4ningsl\u00e4ger 2005"},"content":{"rendered":"<p><b>Dags att prelimin\u00e4ranm\u00e4la sig till<\/b><br \/>Vi h\u00e5ller som b\u00e4st p\u00e5 att planera v\u00e5rens stora tr\u00e4ningsl\u00e4ger i klubben som kommer vara f\u00f6rsta eller andra helgen i mars. <br \/>P\u00e5 h\u00f6stavslutningen var intresset stort men vi beh\u00f6ver veta hur m\u00e5nga som vill f\u00f6lja med. <br \/>Skicka ett email till <a href='mailto:martin@ifmv.nu'>martin@ifmv.nu<\/a> och anm\u00e4l ditt intresse (detta \u00e4r ingen definitiv anm\u00e4lan).<\/p>\n<p><a href='http:\/\/longitud.net\/ifmv\/traningslager2005\/traningslager2005.pdf'>L\u00e4s mer om v\u00e5rens tr\u00e4ningsl\u00e4ger h\u00e4r<\/a><\/p>\n","protected":false},"excerpt":{"rendered":"<p>Dags att prelimin\u00e4ranm\u00e4la sig tillVi h\u00e5ller som b\u00e4st p\u00e5 att planera v\u00e5rens stora tr\u00e4ningsl\u00e4ger i klubben som kommer vara f\u00f6rsta eller andra helgen i mars. P\u00e5 h\u00f6stavslutningen var intresset stort [&hellip;]<\/p>\n","protected":false},"author":2,"featured_media":0,"comment_status":"open","ping_status":"open","sticky":false,"template":"","format":"standard","meta":{"footnotes":""},"categories":[262,1],"tags":[],"class_list":["post-914","post","type-post","status-publish","format-standard","hentry","category-nyheter","category-okategoriserade"],"_links":{"self":[{"href":"https:\/\/www.ifmarinvast.se\/orientering\/wp-json\/wp\/v2\/posts\/914","targetHints":{"allow":["GET"]}}],"collection":[{"href":"https:\/\/www.ifmarinvast.se\/orientering\/wp-json\/wp\/v2\/posts"}],"about":[{"href":"https:\/\/www.ifmarinvast.se\/orientering\/wp-json\/wp\/v2\/types\/post"}],"author":[{"embeddable":true,"href":"https:\/\/www.ifmarinvast.se\/orientering\/wp-json\/wp\/v2\/users\/2"}],"replies":[{"embeddable":true,"href":"https:\/\/www.ifmarinvast.se\/orientering\/wp-json\/wp\/v2\/comments?post=914"}],"version-history":[{"count":1,"href":"https:\/\/www.ifmarinvast.se\/orientering\/wp-json\/wp\/v2\/posts\/914\/revisions"}],"predecessor-version":[{"id":1799,"href":"https:\/\/www.ifmarinvast.se\/orientering\/wp-json\/wp\/v2\/posts\/914\/revisions\/1799"}],"wp:attachment":[{"href":"https:\/\/www.ifmarinvast.se\/orientering\/wp-json\/wp\/v2\/media?parent=914"}],"wp:term":[{"taxonomy":"category","embeddable":true,"href":"https:\/\/www.ifmarinvast.se\/orientering\/wp-json\/wp\/v2\/categories?post=914"},{"taxonomy":"post_tag","embeddable":true,"href":"https:\/\/www.ifmarinvast.se\/orientering\/wp-json\/wp\/v2\/tags?post=914"}],"curies":[{"name":"wp","href":"https:\/\/api.w.org\/{rel}","templated":true}]}}