{"id":913,"date":"2005-01-25T00:00:00","date_gmt":"2005-01-24T23:00:00","guid":{"rendered":"http:\/\/ifmarinvast.se\/2016\/andrad-starttid-for-sondagens-vintercup\/"},"modified":"2015-10-11T14:44:27","modified_gmt":"2015-10-11T12:44:27","slug":"andrad-starttid-for-sondagens-vintercup","status":"publish","type":"post","link":"https:\/\/www.ifmarinvast.se\/orientering\/andrad-starttid-for-sondagens-vintercup\/","title":{"rendered":"\u00c4ndrad starttid f\u00f6r s\u00f6ndagens Vintercup"},"content":{"rendered":"<p><b>Magnus Wide fr\u00e5n Herkules h\u00e4lsar att:<\/b><br \/>&#8217;Vintercupen s\u00f6ndag 30\/1 har start mellan 13-14!!! Plats: Herkulesg\u00e5rden&#8217;<\/p>\n","protected":false},"excerpt":{"rendered":"<p>Magnus Wide fr\u00e5n Herkules h\u00e4lsar att:&#8217;Vintercupen s\u00f6ndag 30\/1 har start mellan 13-14!!! Plats: Herkulesg\u00e5rden&#8217;<\/p>\n","protected":false},"author":2,"featured_media":0,"comment_status":"open","ping_status":"open","sticky":false,"template":"","format":"standard","meta":{"footnotes":""},"categories":[262,1],"tags":[],"class_list":["post-913","post","type-post","status-publish","format-standard","hentry","category-nyheter","category-okategoriserade"],"_links":{"self":[{"href":"https:\/\/www.ifmarinvast.se\/orientering\/wp-json\/wp\/v2\/posts\/913","targetHints":{"allow":["GET"]}}],"collection":[{"href":"https:\/\/www.ifmarinvast.se\/orientering\/wp-json\/wp\/v2\/posts"}],"about":[{"href":"https:\/\/www.ifmarinvast.se\/orientering\/wp-json\/wp\/v2\/types\/post"}],"author":[{"embeddable":true,"href":"https:\/\/www.ifmarinvast.se\/orientering\/wp-json\/wp\/v2\/users\/2"}],"replies":[{"embeddable":true,"href":"https:\/\/www.ifmarinvast.se\/orientering\/wp-json\/wp\/v2\/comments?post=913"}],"version-history":[{"count":1,"href":"https:\/\/www.ifmarinvast.se\/orientering\/wp-json\/wp\/v2\/posts\/913\/revisions"}],"predecessor-version":[{"id":1798,"href":"https:\/\/www.ifmarinvast.se\/orientering\/wp-json\/wp\/v2\/posts\/913\/revisions\/1798"}],"wp:attachment":[{"href":"https:\/\/www.ifmarinvast.se\/orientering\/wp-json\/wp\/v2\/media?parent=913"}],"wp:term":[{"taxonomy":"category","embeddable":true,"href":"https:\/\/www.ifmarinvast.se\/orientering\/wp-json\/wp\/v2\/categories?post=913"},{"taxonomy":"post_tag","embeddable":true,"href":"https:\/\/www.ifmarinvast.se\/orientering\/wp-json\/wp\/v2\/tags?post=913"}],"curies":[{"name":"wp","href":"https:\/\/api.w.org\/{rel}","templated":true}]}}