{"id":908,"date":"2005-01-18T00:00:00","date_gmt":"2005-01-17T23:00:00","guid":{"rendered":"http:\/\/ifmarinvast.se\/2016\/sportident-pa-sondag\/"},"modified":"2015-10-11T14:44:27","modified_gmt":"2015-10-11T12:44:27","slug":"sportident-pa-sondag","status":"publish","type":"post","link":"https:\/\/www.ifmarinvast.se\/orientering\/sportident-pa-sondag\/","title":{"rendered":"Sportident p\u00e5 s\u00f6ndag!"},"content":{"rendered":"<p>Nu p\u00e5 s\u00f6ndag den 23 jan \u00e4r det dags f\u00f6r den andra delt\u00e4vlingen i Vintercupen. SportIdent kommer att anv\u00e4ndas s\u00e5 gl\u00f6m inte att ta med pinnen.<\/p>\n","protected":false},"excerpt":{"rendered":"<p>Nu p\u00e5 s\u00f6ndag den 23 jan \u00e4r det dags f\u00f6r den andra delt\u00e4vlingen i Vintercupen. SportIdent kommer att anv\u00e4ndas s\u00e5 gl\u00f6m inte att ta med pinnen.<\/p>\n","protected":false},"author":2,"featured_media":0,"comment_status":"open","ping_status":"open","sticky":false,"template":"","format":"standard","meta":{"footnotes":""},"categories":[262,1],"tags":[],"class_list":["post-908","post","type-post","status-publish","format-standard","hentry","category-nyheter","category-okategoriserade"],"_links":{"self":[{"href":"https:\/\/www.ifmarinvast.se\/orientering\/wp-json\/wp\/v2\/posts\/908","targetHints":{"allow":["GET"]}}],"collection":[{"href":"https:\/\/www.ifmarinvast.se\/orientering\/wp-json\/wp\/v2\/posts"}],"about":[{"href":"https:\/\/www.ifmarinvast.se\/orientering\/wp-json\/wp\/v2\/types\/post"}],"author":[{"embeddable":true,"href":"https:\/\/www.ifmarinvast.se\/orientering\/wp-json\/wp\/v2\/users\/2"}],"replies":[{"embeddable":true,"href":"https:\/\/www.ifmarinvast.se\/orientering\/wp-json\/wp\/v2\/comments?post=908"}],"version-history":[{"count":1,"href":"https:\/\/www.ifmarinvast.se\/orientering\/wp-json\/wp\/v2\/posts\/908\/revisions"}],"predecessor-version":[{"id":1795,"href":"https:\/\/www.ifmarinvast.se\/orientering\/wp-json\/wp\/v2\/posts\/908\/revisions\/1795"}],"wp:attachment":[{"href":"https:\/\/www.ifmarinvast.se\/orientering\/wp-json\/wp\/v2\/media?parent=908"}],"wp:term":[{"taxonomy":"category","embeddable":true,"href":"https:\/\/www.ifmarinvast.se\/orientering\/wp-json\/wp\/v2\/categories?post=908"},{"taxonomy":"post_tag","embeddable":true,"href":"https:\/\/www.ifmarinvast.se\/orientering\/wp-json\/wp\/v2\/tags?post=908"}],"curies":[{"name":"wp","href":"https:\/\/api.w.org\/{rel}","templated":true}]}}