{"id":907,"date":"2005-01-18T00:00:00","date_gmt":"2005-01-17T23:00:00","guid":{"rendered":"http:\/\/ifmarinvast.se\/2016\/gof-inbjuder-till-kurs-och-lager\/"},"modified":"2015-10-11T14:44:27","modified_gmt":"2015-10-11T12:44:27","slug":"gof-inbjuder-till-kurs-och-lager","status":"publish","type":"post","link":"https:\/\/www.ifmarinvast.se\/orientering\/gof-inbjuder-till-kurs-och-lager\/","title":{"rendered":"GOF inbjuder till kurs och l\u00e4ger"},"content":{"rendered":"<p><img src='http:\/\/www.ifmv.nu\/gof.jpg' align='right' border=0>G\u00f6teborgs orienteringsf\u00f6rbund h\u00e5ller tre forts\u00e4ttningskurser efter de uppskattade kurserna f\u00f6r ungdomar, juniorer och klubbledare i h\u00f6stas. <\/p>\n<p><b><a href='http:\/\/www.orienteringgoteborg.com\/inbung.doc'>Ungdomsl\u00e4gret 28-29\/1 i Dammek\u00e4rr<\/a><\/b> <br \/>Sista anm\u00e4lan 21\/1.<\/p>\n<p><b><a href='http:\/\/www.orienteringgoteborg.com\/inbjun.doc'>Juniorl\u00e4gret 4-5\/2 i Dammek\u00e4rr<\/a><\/b> <br \/>Sista anm\u00e4lan 28\/1.<\/p>\n<p><b><a href='http:\/\/www.orienteringgoteborg.com\/inbled.doc'>Klubbledarkursen 6\/2 i Dammek\u00e4rr<\/a><\/b> <br \/>Sista anm\u00e4lan 28\/1.<\/p>\n<p>Mer info finns p\u00e5 <a href=' http:\/\/www.orienteringgoteborg.com\/ '>GOFs hemsida<\/a>. Anm\u00e4lan sker till <a HREF=mailto:anders@ifmv.nu>Anders<\/A>.<\/p>\n","protected":false},"excerpt":{"rendered":"<p>G\u00f6teborgs orienteringsf\u00f6rbund h\u00e5ller tre forts\u00e4ttningskurser efter de uppskattade kurserna f\u00f6r ungdomar, juniorer och klubbledare i h\u00f6stas. Ungdomsl\u00e4gret 28-29\/1 i Dammek\u00e4rr Sista anm\u00e4lan 21\/1. Juniorl\u00e4gret 4-5\/2 i Dammek\u00e4rr Sista anm\u00e4lan 28\/1. [&hellip;]<\/p>\n","protected":false},"author":2,"featured_media":0,"comment_status":"open","ping_status":"open","sticky":false,"template":"","format":"standard","meta":{"footnotes":""},"categories":[262,1],"tags":[],"class_list":["post-907","post","type-post","status-publish","format-standard","hentry","category-nyheter","category-okategoriserade"],"_links":{"self":[{"href":"https:\/\/www.ifmarinvast.se\/orientering\/wp-json\/wp\/v2\/posts\/907","targetHints":{"allow":["GET"]}}],"collection":[{"href":"https:\/\/www.ifmarinvast.se\/orientering\/wp-json\/wp\/v2\/posts"}],"about":[{"href":"https:\/\/www.ifmarinvast.se\/orientering\/wp-json\/wp\/v2\/types\/post"}],"author":[{"embeddable":true,"href":"https:\/\/www.ifmarinvast.se\/orientering\/wp-json\/wp\/v2\/users\/2"}],"replies":[{"embeddable":true,"href":"https:\/\/www.ifmarinvast.se\/orientering\/wp-json\/wp\/v2\/comments?post=907"}],"version-history":[{"count":1,"href":"https:\/\/www.ifmarinvast.se\/orientering\/wp-json\/wp\/v2\/posts\/907\/revisions"}],"predecessor-version":[{"id":3116,"href":"https:\/\/www.ifmarinvast.se\/orientering\/wp-json\/wp\/v2\/posts\/907\/revisions\/3116"}],"wp:attachment":[{"href":"https:\/\/www.ifmarinvast.se\/orientering\/wp-json\/wp\/v2\/media?parent=907"}],"wp:term":[{"taxonomy":"category","embeddable":true,"href":"https:\/\/www.ifmarinvast.se\/orientering\/wp-json\/wp\/v2\/categories?post=907"},{"taxonomy":"post_tag","embeddable":true,"href":"https:\/\/www.ifmarinvast.se\/orientering\/wp-json\/wp\/v2\/tags?post=907"}],"curies":[{"name":"wp","href":"https:\/\/api.w.org\/{rel}","templated":true}]}}