{"id":904,"date":"2005-01-12T00:00:00","date_gmt":"2005-01-11T23:00:00","guid":{"rendered":"http:\/\/ifmarinvast.se\/2016\/vintercup\/"},"modified":"2015-10-11T14:44:27","modified_gmt":"2015-10-11T12:44:27","slug":"vintercup","status":"publish","type":"post","link":"https:\/\/www.ifmarinvast.se\/orientering\/vintercup\/","title":{"rendered":"Vintercup!"},"content":{"rendered":"<p>Nu till helgen b\u00f6rjar FOLs vintercup. IFMV arrangerar en av etapperna, precis som f\u00f6rra \u00e5ret.<\/p>\n<p>Vintercupen \u00e4r en tr\u00e4ningscup med vanliga orienteringsbanor, samma sv\u00e5righetsniv\u00e5er som p\u00e5 torsdagstr\u00e4ningarna. Alla IFMV-orienterare \u00e4r v\u00e4lkomna!<\/p>\n<p>Se <a href='kalender.asp' target='_blank'>kalendern<\/a>: Sex s\u00f6ndagar under januari-februari, start mellan 10.00 och 11.00. V\u00e4gbeskrivning finns under <i>Klubbnytt<\/i> i GP.<\/p>\n","protected":false},"excerpt":{"rendered":"<p>Nu till helgen b\u00f6rjar FOLs vintercup. IFMV arrangerar en av etapperna, precis som f\u00f6rra \u00e5ret. Vintercupen \u00e4r en tr\u00e4ningscup med vanliga orienteringsbanor, samma sv\u00e5righetsniv\u00e5er som p\u00e5 torsdagstr\u00e4ningarna. Alla IFMV-orienterare \u00e4r [&hellip;]<\/p>\n","protected":false},"author":2,"featured_media":0,"comment_status":"open","ping_status":"open","sticky":false,"template":"","format":"standard","meta":{"footnotes":""},"categories":[262,1],"tags":[],"class_list":["post-904","post","type-post","status-publish","format-standard","hentry","category-nyheter","category-okategoriserade"],"_links":{"self":[{"href":"https:\/\/www.ifmarinvast.se\/orientering\/wp-json\/wp\/v2\/posts\/904","targetHints":{"allow":["GET"]}}],"collection":[{"href":"https:\/\/www.ifmarinvast.se\/orientering\/wp-json\/wp\/v2\/posts"}],"about":[{"href":"https:\/\/www.ifmarinvast.se\/orientering\/wp-json\/wp\/v2\/types\/post"}],"author":[{"embeddable":true,"href":"https:\/\/www.ifmarinvast.se\/orientering\/wp-json\/wp\/v2\/users\/2"}],"replies":[{"embeddable":true,"href":"https:\/\/www.ifmarinvast.se\/orientering\/wp-json\/wp\/v2\/comments?post=904"}],"version-history":[{"count":1,"href":"https:\/\/www.ifmarinvast.se\/orientering\/wp-json\/wp\/v2\/posts\/904\/revisions"}],"predecessor-version":[{"id":3117,"href":"https:\/\/www.ifmarinvast.se\/orientering\/wp-json\/wp\/v2\/posts\/904\/revisions\/3117"}],"wp:attachment":[{"href":"https:\/\/www.ifmarinvast.se\/orientering\/wp-json\/wp\/v2\/media?parent=904"}],"wp:term":[{"taxonomy":"category","embeddable":true,"href":"https:\/\/www.ifmarinvast.se\/orientering\/wp-json\/wp\/v2\/categories?post=904"},{"taxonomy":"post_tag","embeddable":true,"href":"https:\/\/www.ifmarinvast.se\/orientering\/wp-json\/wp\/v2\/tags?post=904"}],"curies":[{"name":"wp","href":"https:\/\/api.w.org\/{rel}","templated":true}]}}