{"id":892,"date":"2004-12-06T00:00:00","date_gmt":"2004-12-05T23:00:00","guid":{"rendered":"http:\/\/ifmarinvast.se\/2016\/ifmv-orientering-har-bytt-klubbfarger\/"},"modified":"2015-10-11T14:44:28","modified_gmt":"2015-10-11T12:44:28","slug":"ifmv-orientering-har-bytt-klubbfarger","status":"publish","type":"post","link":"https:\/\/www.ifmarinvast.se\/orientering\/ifmv-orientering-har-bytt-klubbfarger\/","title":{"rendered":"IFMV Orientering har bytt klubbf\u00e4rger"},"content":{"rendered":"<p><a href='http:\/\/www.ifmv.nu\/pic\/mb_oldrakt.jpg' target='_blank'><img src='http:\/\/www.ifmv.nu\/pic\/mb_oldrakt_liten.jpg' align='right' border='0'><\/a>P\u00e5 h\u00f6stavslutningen ig\u00e5r beslutades, med siffrorna 33-8, att vi skall byta klubbf\u00e4rger fr\u00e5n r\u00f6tt-mellanbl\u00e5tt-gult till marinbl\u00e5tt-r\u00f6tt-gult.<\/p>\n<p>Klicka p\u00e5 tr\u00f6jan till h\u00f6ger f\u00f6r att se bilder p\u00e5 de nya kl\u00e4derna. Vill ni best\u00e4lla kl\u00e4der f\u00e5r ni <a href='mailto:linda@ifmv.nu'>kontakta mig<\/a> f\u00f6r provning <b>senast torsdag 9\/12<\/b>.<\/p>\n<p>Bilder och text om orienteringsdr\u00e4kten, funktionstr\u00f6jan och klubboverallen hittar ni p\u00e5 <a href='http:\/\/www.nonamesport.com\/swe\/orienteering.asp' target='_blank'>nonames hemsida<\/a>.<\/p>\n","protected":false},"excerpt":{"rendered":"<p>P\u00e5 h\u00f6stavslutningen ig\u00e5r beslutades, med siffrorna 33-8, att vi skall byta klubbf\u00e4rger fr\u00e5n r\u00f6tt-mellanbl\u00e5tt-gult till marinbl\u00e5tt-r\u00f6tt-gult. Klicka p\u00e5 tr\u00f6jan till h\u00f6ger f\u00f6r att se bilder p\u00e5 de nya kl\u00e4derna. Vill [&hellip;]<\/p>\n","protected":false},"author":2,"featured_media":0,"comment_status":"open","ping_status":"open","sticky":false,"template":"","format":"standard","meta":{"footnotes":""},"categories":[262,1],"tags":[],"class_list":["post-892","post","type-post","status-publish","format-standard","hentry","category-nyheter","category-okategoriserade"],"_links":{"self":[{"href":"https:\/\/www.ifmarinvast.se\/orientering\/wp-json\/wp\/v2\/posts\/892","targetHints":{"allow":["GET"]}}],"collection":[{"href":"https:\/\/www.ifmarinvast.se\/orientering\/wp-json\/wp\/v2\/posts"}],"about":[{"href":"https:\/\/www.ifmarinvast.se\/orientering\/wp-json\/wp\/v2\/types\/post"}],"author":[{"embeddable":true,"href":"https:\/\/www.ifmarinvast.se\/orientering\/wp-json\/wp\/v2\/users\/2"}],"replies":[{"embeddable":true,"href":"https:\/\/www.ifmarinvast.se\/orientering\/wp-json\/wp\/v2\/comments?post=892"}],"version-history":[{"count":1,"href":"https:\/\/www.ifmarinvast.se\/orientering\/wp-json\/wp\/v2\/posts\/892\/revisions"}],"predecessor-version":[{"id":3118,"href":"https:\/\/www.ifmarinvast.se\/orientering\/wp-json\/wp\/v2\/posts\/892\/revisions\/3118"}],"wp:attachment":[{"href":"https:\/\/www.ifmarinvast.se\/orientering\/wp-json\/wp\/v2\/media?parent=892"}],"wp:term":[{"taxonomy":"category","embeddable":true,"href":"https:\/\/www.ifmarinvast.se\/orientering\/wp-json\/wp\/v2\/categories?post=892"},{"taxonomy":"post_tag","embeddable":true,"href":"https:\/\/www.ifmarinvast.se\/orientering\/wp-json\/wp\/v2\/tags?post=892"}],"curies":[{"name":"wp","href":"https:\/\/api.w.org\/{rel}","templated":true}]}}