{"id":889,"date":"2004-11-28T00:00:00","date_gmt":"2004-11-27T23:00:00","guid":{"rendered":"http:\/\/ifmarinvast.se\/2016\/nu-gar-kladbestallningen-ivag\/"},"modified":"2015-10-11T14:44:28","modified_gmt":"2015-10-11T12:44:28","slug":"nu-gar-kladbestallningen-ivag","status":"publish","type":"post","link":"https:\/\/www.ifmarinvast.se\/orientering\/nu-gar-kladbestallningen-ivag\/","title":{"rendered":"Nu g\u00e5r kl\u00e4dbest\u00e4llningen iv\u00e4g!"},"content":{"rendered":"<p>Har du funderat p\u00e5 att k\u00f6pa orienteringsdr\u00e4kt eller overall? T\u00e4nk igenom vad du vill k\u00f6pa och kom till <b>h\u00f6stavslutningen s\u00f6ndagen 5 dec<\/b>, s\u00e5 f\u00e5r du se, k\u00e4nna, prova och best\u00e4lla! Dessutom kan du d\u00e5 p\u00e5verka om vi skall byta klubbf\u00e4rg eller ej. <\/p>\n<p><img src='http:\/\/www.longitud.net\/ifmv\/kejsarensnya\/klader114x132.bmp' align='right' border='0'>Best\u00e4llningarna skickas in veckan efter avslutningen, s\u00e5 om du inte kan komma p\u00e5 avslutningen f\u00e5r du kontakta mig <a href='mailto:linda@ifmv.nu'>via mail<\/a> eller telefon (031-476455) f\u00f6r provning och best\u00e4llning. Jag kommer att f\u00e5 hem provstorlekar f\u00f6r overall och t\u00e4vlingsdr\u00e4kt till 1 dec.<\/p>\n<p>En mer <a href='http:\/\/www.ifmv.nu\/aktuellt\/klubbklader04.pdf'>detaljerad beskrivning av kl\u00e4der och priser hittar du h\u00e4r \u00bb<\/a><\/p>\n","protected":false},"excerpt":{"rendered":"<p>Har du funderat p\u00e5 att k\u00f6pa orienteringsdr\u00e4kt eller overall? T\u00e4nk igenom vad du vill k\u00f6pa och kom till h\u00f6stavslutningen s\u00f6ndagen 5 dec, s\u00e5 f\u00e5r du se, k\u00e4nna, prova och best\u00e4lla! [&hellip;]<\/p>\n","protected":false},"author":2,"featured_media":0,"comment_status":"open","ping_status":"open","sticky":false,"template":"","format":"standard","meta":{"footnotes":""},"categories":[262,1],"tags":[],"class_list":["post-889","post","type-post","status-publish","format-standard","hentry","category-nyheter","category-okategoriserade"],"_links":{"self":[{"href":"https:\/\/www.ifmarinvast.se\/orientering\/wp-json\/wp\/v2\/posts\/889","targetHints":{"allow":["GET"]}}],"collection":[{"href":"https:\/\/www.ifmarinvast.se\/orientering\/wp-json\/wp\/v2\/posts"}],"about":[{"href":"https:\/\/www.ifmarinvast.se\/orientering\/wp-json\/wp\/v2\/types\/post"}],"author":[{"embeddable":true,"href":"https:\/\/www.ifmarinvast.se\/orientering\/wp-json\/wp\/v2\/users\/2"}],"replies":[{"embeddable":true,"href":"https:\/\/www.ifmarinvast.se\/orientering\/wp-json\/wp\/v2\/comments?post=889"}],"version-history":[{"count":1,"href":"https:\/\/www.ifmarinvast.se\/orientering\/wp-json\/wp\/v2\/posts\/889\/revisions"}],"predecessor-version":[{"id":3119,"href":"https:\/\/www.ifmarinvast.se\/orientering\/wp-json\/wp\/v2\/posts\/889\/revisions\/3119"}],"wp:attachment":[{"href":"https:\/\/www.ifmarinvast.se\/orientering\/wp-json\/wp\/v2\/media?parent=889"}],"wp:term":[{"taxonomy":"category","embeddable":true,"href":"https:\/\/www.ifmarinvast.se\/orientering\/wp-json\/wp\/v2\/categories?post=889"},{"taxonomy":"post_tag","embeddable":true,"href":"https:\/\/www.ifmarinvast.se\/orientering\/wp-json\/wp\/v2\/tags?post=889"}],"curies":[{"name":"wp","href":"https:\/\/api.w.org\/{rel}","templated":true}]}}