{"id":887,"date":"2004-11-19T00:00:00","date_gmt":"2004-11-18T23:00:00","guid":{"rendered":"http:\/\/ifmarinvast.se\/2016\/nya-klader-pa-hostavslutningen\/"},"modified":"2015-10-11T14:44:29","modified_gmt":"2015-10-11T12:44:29","slug":"nya-klader-pa-hostavslutningen","status":"publish","type":"post","link":"https:\/\/www.ifmarinvast.se\/orientering\/nya-klader-pa-hostavslutningen\/","title":{"rendered":"Nya kl\u00e4der p\u00e5 h\u00f6stavslutningen!"},"content":{"rendered":"<p>Nu st\u00e4nger vi kl\u00e4denk\u00e4ten h\u00e4r p\u00e5 hemsidan! Jag vill tacka alla er som har l\u00e4mnat era synpunkter, det \u00e4r det som ni har sagt som har legat till grund f\u00f6r vilka kl\u00e4der vi kommer k\u00f6pa in.<\/p>\n<p>B\u00e5de ni som har fyllt i enk\u00e4ten och ni som inte har gjort det kommer att kunna k\u00f6pa kl\u00e4derna. P\u00e5 orienteringens h\u00f6stavslutning, <b>s\u00f6n 5 dec kl 17.00<\/b>, kommer det att finnas kl\u00e4der att titta p\u00e5 och prova. Efter h\u00f6stavslutningen tar jag upp best\u00e4llningar, s\u00e5 vi f\u00e5r v\u00e5ra nya kl\u00e4der till n\u00e4sta s\u00e4song!<\/p>\n<p>Inbjudan till h\u00f6stavslutningen kommer snart h\u00e4r p\u00e5 hemsidan. Alla orienterarfamiljer \u00e4r v\u00e4lkomna, f\u00f6rutom avslutningen och kl\u00e4dbest\u00e4llningen kommer vi att diskutera f\u00e4rgerna p\u00e5 v\u00e5ra kl\u00e4der, s\u00e5 om ni har en \u00e5sikt om dem \u00e4r det viktigt att ni kommer, oavsett om ni vill k\u00f6pa kl\u00e4der eller inte.<\/p>\n","protected":false},"excerpt":{"rendered":"<p>Nu st\u00e4nger vi kl\u00e4denk\u00e4ten h\u00e4r p\u00e5 hemsidan! Jag vill tacka alla er som har l\u00e4mnat era synpunkter, det \u00e4r det som ni har sagt som har legat till grund f\u00f6r [&hellip;]<\/p>\n","protected":false},"author":2,"featured_media":0,"comment_status":"open","ping_status":"open","sticky":false,"template":"","format":"standard","meta":{"footnotes":""},"categories":[262,1],"tags":[],"class_list":["post-887","post","type-post","status-publish","format-standard","hentry","category-nyheter","category-okategoriserade"],"_links":{"self":[{"href":"https:\/\/www.ifmarinvast.se\/orientering\/wp-json\/wp\/v2\/posts\/887","targetHints":{"allow":["GET"]}}],"collection":[{"href":"https:\/\/www.ifmarinvast.se\/orientering\/wp-json\/wp\/v2\/posts"}],"about":[{"href":"https:\/\/www.ifmarinvast.se\/orientering\/wp-json\/wp\/v2\/types\/post"}],"author":[{"embeddable":true,"href":"https:\/\/www.ifmarinvast.se\/orientering\/wp-json\/wp\/v2\/users\/2"}],"replies":[{"embeddable":true,"href":"https:\/\/www.ifmarinvast.se\/orientering\/wp-json\/wp\/v2\/comments?post=887"}],"version-history":[{"count":1,"href":"https:\/\/www.ifmarinvast.se\/orientering\/wp-json\/wp\/v2\/posts\/887\/revisions"}],"predecessor-version":[{"id":1789,"href":"https:\/\/www.ifmarinvast.se\/orientering\/wp-json\/wp\/v2\/posts\/887\/revisions\/1789"}],"wp:attachment":[{"href":"https:\/\/www.ifmarinvast.se\/orientering\/wp-json\/wp\/v2\/media?parent=887"}],"wp:term":[{"taxonomy":"category","embeddable":true,"href":"https:\/\/www.ifmarinvast.se\/orientering\/wp-json\/wp\/v2\/categories?post=887"},{"taxonomy":"post_tag","embeddable":true,"href":"https:\/\/www.ifmarinvast.se\/orientering\/wp-json\/wp\/v2\/tags?post=887"}],"curies":[{"name":"wp","href":"https:\/\/api.w.org\/{rel}","templated":true}]}}