{"id":886,"date":"2004-11-16T00:00:00","date_gmt":"2004-11-15T23:00:00","guid":{"rendered":"http:\/\/ifmarinvast.se\/2016\/if-marin-vast-arrangerar-gof-traning\/"},"modified":"2015-10-11T14:44:29","modified_gmt":"2015-10-11T12:44:29","slug":"if-marin-vast-arrangerar-gof-traning","status":"publish","type":"post","link":"https:\/\/www.ifmarinvast.se\/orientering\/if-marin-vast-arrangerar-gof-traning\/","title":{"rendered":"IF Marin V\u00e4st arrangerar GOF-tr\u00e4ning"},"content":{"rendered":"<p><b>l\u00f6rdag den 4 december 2004<\/b><\/p>\n<p>GOF informerar: Nu \u00e4r det dags f\u00f6r upptakt 2005 och den 4 december blir det gemensam tr\u00e4ning f\u00f6r alla ungdomar i distriktet. Vi informerar om kommande tr\u00e4ningar, t\u00e4vlingsresor, mm. Vi v\u00e4nder oss framf\u00f6rallt till dig som kommer att springa i D\/H 14-16 n\u00e4sta \u00e5r.<br \/>IF Marin V\u00e4st bjuder p\u00e5 god fika efter tr\u00e4ningen. Ingen kostnad f\u00f6r ungdomarna.<br \/><b>Missa inte denna tr\u00e4ff!<\/b><br \/><a href='http:\/\/www.ifmv.nu\/arrangemang\/goftraning2004\/'>L\u00e4s mer i inbjudan \u00bb<\/a><\/p>\n","protected":false},"excerpt":{"rendered":"<p>l\u00f6rdag den 4 december 2004 GOF informerar: Nu \u00e4r det dags f\u00f6r upptakt 2005 och den 4 december blir det gemensam tr\u00e4ning f\u00f6r alla ungdomar i distriktet. Vi informerar om [&hellip;]<\/p>\n","protected":false},"author":2,"featured_media":0,"comment_status":"open","ping_status":"open","sticky":false,"template":"","format":"standard","meta":{"footnotes":""},"categories":[262,1],"tags":[],"class_list":["post-886","post","type-post","status-publish","format-standard","hentry","category-nyheter","category-okategoriserade"],"_links":{"self":[{"href":"https:\/\/www.ifmarinvast.se\/orientering\/wp-json\/wp\/v2\/posts\/886","targetHints":{"allow":["GET"]}}],"collection":[{"href":"https:\/\/www.ifmarinvast.se\/orientering\/wp-json\/wp\/v2\/posts"}],"about":[{"href":"https:\/\/www.ifmarinvast.se\/orientering\/wp-json\/wp\/v2\/types\/post"}],"author":[{"embeddable":true,"href":"https:\/\/www.ifmarinvast.se\/orientering\/wp-json\/wp\/v2\/users\/2"}],"replies":[{"embeddable":true,"href":"https:\/\/www.ifmarinvast.se\/orientering\/wp-json\/wp\/v2\/comments?post=886"}],"version-history":[{"count":1,"href":"https:\/\/www.ifmarinvast.se\/orientering\/wp-json\/wp\/v2\/posts\/886\/revisions"}],"predecessor-version":[{"id":1788,"href":"https:\/\/www.ifmarinvast.se\/orientering\/wp-json\/wp\/v2\/posts\/886\/revisions\/1788"}],"wp:attachment":[{"href":"https:\/\/www.ifmarinvast.se\/orientering\/wp-json\/wp\/v2\/media?parent=886"}],"wp:term":[{"taxonomy":"category","embeddable":true,"href":"https:\/\/www.ifmarinvast.se\/orientering\/wp-json\/wp\/v2\/categories?post=886"},{"taxonomy":"post_tag","embeddable":true,"href":"https:\/\/www.ifmarinvast.se\/orientering\/wp-json\/wp\/v2\/tags?post=886"}],"curies":[{"name":"wp","href":"https:\/\/api.w.org\/{rel}","templated":true}]}}