{"id":875,"date":"2004-10-24T00:00:00","date_gmt":"2004-10-23T22:00:00","guid":{"rendered":"http:\/\/ifmarinvast.se\/2016\/nya-klubbklader\/"},"modified":"2015-10-11T14:44:42","modified_gmt":"2015-10-11T12:44:42","slug":"nya-klubbklader","status":"publish","type":"post","link":"https:\/\/www.ifmarinvast.se\/orientering\/nya-klubbklader\/","title":{"rendered":"Nya klubbkl\u00e4der!"},"content":{"rendered":"<p><img src='http:\/\/www.longitud.net\/ifmv\/kejsarensnya\/polyester.jpg' height='150' width='40' align='right'>Till n\u00e4sta s\u00e4song skall vi skaffa nya orienteringsdr\u00e4kter och overaller till klubben. Jag h\u00e5ller p\u00e5 att s\u00e4tta ihop ett erbjudande om klubbkl\u00e4der s\u00e5 att vi ska kunna prova ut och best\u00e4lla kl\u00e4derna nu i vinter. F\u00f6r att f\u00e5 ett s\u00e5 bra erbjudande som m\u00f6jligt vill jag veta vilken typ av kl\u00e4der alla \u00e4r intresserade av att k\u00f6pa, och ungef\u00e4r hur m\u00e5nga dr\u00e4kter vi kommer att best\u00e4lla sammanlagt.<\/p>\n<p>Vill du k\u00f6pa klubbkl\u00e4der? G\u00e5 till <a href='aktuellt\/draktforfragan\/'>kl\u00e4denk\u00e4ten<\/a> och s\u00e4g din mening om vilka kl\u00e4der du vill ha!<\/p>\n","protected":false},"excerpt":{"rendered":"<p>Till n\u00e4sta s\u00e4song skall vi skaffa nya orienteringsdr\u00e4kter och overaller till klubben. Jag h\u00e5ller p\u00e5 att s\u00e4tta ihop ett erbjudande om klubbkl\u00e4der s\u00e5 att vi ska kunna prova ut och [&hellip;]<\/p>\n","protected":false},"author":2,"featured_media":0,"comment_status":"open","ping_status":"open","sticky":false,"template":"","format":"standard","meta":{"footnotes":""},"categories":[262,1],"tags":[],"class_list":["post-875","post","type-post","status-publish","format-standard","hentry","category-nyheter","category-okategoriserade"],"_links":{"self":[{"href":"https:\/\/www.ifmarinvast.se\/orientering\/wp-json\/wp\/v2\/posts\/875","targetHints":{"allow":["GET"]}}],"collection":[{"href":"https:\/\/www.ifmarinvast.se\/orientering\/wp-json\/wp\/v2\/posts"}],"about":[{"href":"https:\/\/www.ifmarinvast.se\/orientering\/wp-json\/wp\/v2\/types\/post"}],"author":[{"embeddable":true,"href":"https:\/\/www.ifmarinvast.se\/orientering\/wp-json\/wp\/v2\/users\/2"}],"replies":[{"embeddable":true,"href":"https:\/\/www.ifmarinvast.se\/orientering\/wp-json\/wp\/v2\/comments?post=875"}],"version-history":[{"count":1,"href":"https:\/\/www.ifmarinvast.se\/orientering\/wp-json\/wp\/v2\/posts\/875\/revisions"}],"predecessor-version":[{"id":3123,"href":"https:\/\/www.ifmarinvast.se\/orientering\/wp-json\/wp\/v2\/posts\/875\/revisions\/3123"}],"wp:attachment":[{"href":"https:\/\/www.ifmarinvast.se\/orientering\/wp-json\/wp\/v2\/media?parent=875"}],"wp:term":[{"taxonomy":"category","embeddable":true,"href":"https:\/\/www.ifmarinvast.se\/orientering\/wp-json\/wp\/v2\/categories?post=875"},{"taxonomy":"post_tag","embeddable":true,"href":"https:\/\/www.ifmarinvast.se\/orientering\/wp-json\/wp\/v2\/tags?post=875"}],"curies":[{"name":"wp","href":"https:\/\/api.w.org\/{rel}","templated":true}]}}