{"id":872,"date":"2015-07-21T23:44:26","date_gmt":"2015-07-21T21:44:26","guid":{"rendered":"https:\/\/ifmvorientering.wordpress.com\/?p=872"},"modified":"2015-10-11T14:13:05","modified_gmt":"2015-10-11T12:13:05","slug":"vi-har-blivit-fler","status":"publish","type":"post","link":"https:\/\/www.ifmarinvast.se\/orientering\/vi-har-blivit-fler\/","title":{"rendered":"Vi har blivit fler!"},"content":{"rendered":"<p>Under vilodagen ut\u00f6kades v\u00e5r grupp p\u00e5 plats till n\u00e4stan det dubbla antalet. H\u00e4r f\u00f6ljer lite bilder fr\u00e5n en fantastisk middag d\u00e4r Olas grillningstalanger stod i centrum och det \u00f6vriga kaoset kretsade runt omkring.<\/p>\n<p><a href=\"https:\/\/www.ifmarinvast.se\/orientering\/wp-content\/uploads\/2015\/07\/wpid-img_20150721_185134.jpg\"><img decoding=\"async\" title=\"IMG_20150721_185134.jpg\" class=\"alignnone size-full\" alt=\"image\" src=\"https:\/\/www.ifmarinvast.se\/orientering\/wp-content\/uploads\/2015\/07\/wpid-img_20150721_185134.jpg\" \/><\/a><\/p>\n<p><a href=\"https:\/\/www.ifmarinvast.se\/orientering\/wp-content\/uploads\/2015\/07\/wpid-img_20150721_190739.jpg\"><img decoding=\"async\" title=\"IMG_20150721_190739.jpg\" class=\"alignnone size-full\" alt=\"image\" src=\"https:\/\/www.ifmarinvast.se\/orientering\/wp-content\/uploads\/2015\/07\/wpid-img_20150721_190739.jpg\" \/><\/a><\/p>\n<p><a href=\"https:\/\/www.ifmarinvast.se\/orientering\/wp-content\/uploads\/2015\/07\/wpid-img_20150721_192124.jpg\"><img decoding=\"async\" title=\"IMG_20150721_192124.jpg\" class=\"alignnone size-full\" alt=\"image\" src=\"https:\/\/www.ifmarinvast.se\/orientering\/wp-content\/uploads\/2015\/07\/wpid-img_20150721_192124.jpg\" \/><\/a><\/p>\n","protected":false},"excerpt":{"rendered":"<p>Under vilodagen ut\u00f6kades v\u00e5r grupp p\u00e5 plats till n\u00e4stan det dubbla antalet. H\u00e4r f\u00f6ljer lite bilder fr\u00e5n en fantastisk middag d\u00e4r Olas grillningstalanger stod i centrum och det \u00f6vriga kaoset [&hellip;]<\/p>\n","protected":false},"author":2,"featured_media":0,"comment_status":"open","ping_status":"open","sticky":false,"template":"","format":"standard","meta":{"footnotes":""},"categories":[263],"tags":[269],"class_list":["post-872","post","type-post","status-publish","format-standard","hentry","category-bloggen","tag-o-ringen-boras-2015"],"_links":{"self":[{"href":"https:\/\/www.ifmarinvast.se\/orientering\/wp-json\/wp\/v2\/posts\/872","targetHints":{"allow":["GET"]}}],"collection":[{"href":"https:\/\/www.ifmarinvast.se\/orientering\/wp-json\/wp\/v2\/posts"}],"about":[{"href":"https:\/\/www.ifmarinvast.se\/orientering\/wp-json\/wp\/v2\/types\/post"}],"author":[{"embeddable":true,"href":"https:\/\/www.ifmarinvast.se\/orientering\/wp-json\/wp\/v2\/users\/2"}],"replies":[{"embeddable":true,"href":"https:\/\/www.ifmarinvast.se\/orientering\/wp-json\/wp\/v2\/comments?post=872"}],"version-history":[{"count":1,"href":"https:\/\/www.ifmarinvast.se\/orientering\/wp-json\/wp\/v2\/posts\/872\/revisions"}],"predecessor-version":[{"id":2778,"href":"https:\/\/www.ifmarinvast.se\/orientering\/wp-json\/wp\/v2\/posts\/872\/revisions\/2778"}],"wp:attachment":[{"href":"https:\/\/www.ifmarinvast.se\/orientering\/wp-json\/wp\/v2\/media?parent=872"}],"wp:term":[{"taxonomy":"category","embeddable":true,"href":"https:\/\/www.ifmarinvast.se\/orientering\/wp-json\/wp\/v2\/categories?post=872"},{"taxonomy":"post_tag","embeddable":true,"href":"https:\/\/www.ifmarinvast.se\/orientering\/wp-json\/wp\/v2\/tags?post=872"}],"curies":[{"name":"wp","href":"https:\/\/api.w.org\/{rel}","templated":true}]}}