{"id":867,"date":"2004-10-18T00:00:00","date_gmt":"2004-10-17T22:00:00","guid":{"rendered":"http:\/\/ifmarinvast.se\/2016\/ifk-kavlen-23-oktober\/"},"modified":"2015-10-11T14:44:43","modified_gmt":"2015-10-11T12:44:43","slug":"ifk-kavlen-23-oktober","status":"publish","type":"post","link":"https:\/\/www.ifmarinvast.se\/orientering\/ifk-kavlen-23-oktober\/","title":{"rendered":"IFK-kavlen 23 oktober"},"content":{"rendered":"<p>Nu p\u00e5 l\u00f6rdag avg\u00f6rs IFK-kavlen i skogarna kring Bertilssons stuga. Start kl 11.00. Vi har f\u00f6ljande tv\u00e5 lag anm\u00e4lda.<\/p>\n<p><b>\u00d6ppen klass<\/b><br \/>str 1. Anna            <br \/>str 2. Staffan         <br \/>str 3. Klas             <br \/>str 4. Anders J<\/p>\n<p><b>D42<\/b><br \/>str 1. Clara<br \/>str 2. Hanna och Jenny<br \/>str 3. Emma<\/p>\n","protected":false},"excerpt":{"rendered":"<p>Nu p\u00e5 l\u00f6rdag avg\u00f6rs IFK-kavlen i skogarna kring Bertilssons stuga. Start kl 11.00. Vi har f\u00f6ljande tv\u00e5 lag anm\u00e4lda. \u00d6ppen klassstr 1. Anna str 2. Staffan str 3. Klas str [&hellip;]<\/p>\n","protected":false},"author":2,"featured_media":0,"comment_status":"open","ping_status":"open","sticky":false,"template":"","format":"standard","meta":{"footnotes":""},"categories":[262,1],"tags":[],"class_list":["post-867","post","type-post","status-publish","format-standard","hentry","category-nyheter","category-okategoriserade"],"_links":{"self":[{"href":"https:\/\/www.ifmarinvast.se\/orientering\/wp-json\/wp\/v2\/posts\/867","targetHints":{"allow":["GET"]}}],"collection":[{"href":"https:\/\/www.ifmarinvast.se\/orientering\/wp-json\/wp\/v2\/posts"}],"about":[{"href":"https:\/\/www.ifmarinvast.se\/orientering\/wp-json\/wp\/v2\/types\/post"}],"author":[{"embeddable":true,"href":"https:\/\/www.ifmarinvast.se\/orientering\/wp-json\/wp\/v2\/users\/2"}],"replies":[{"embeddable":true,"href":"https:\/\/www.ifmarinvast.se\/orientering\/wp-json\/wp\/v2\/comments?post=867"}],"version-history":[{"count":1,"href":"https:\/\/www.ifmarinvast.se\/orientering\/wp-json\/wp\/v2\/posts\/867\/revisions"}],"predecessor-version":[{"id":1781,"href":"https:\/\/www.ifmarinvast.se\/orientering\/wp-json\/wp\/v2\/posts\/867\/revisions\/1781"}],"wp:attachment":[{"href":"https:\/\/www.ifmarinvast.se\/orientering\/wp-json\/wp\/v2\/media?parent=867"}],"wp:term":[{"taxonomy":"category","embeddable":true,"href":"https:\/\/www.ifmarinvast.se\/orientering\/wp-json\/wp\/v2\/categories?post=867"},{"taxonomy":"post_tag","embeddable":true,"href":"https:\/\/www.ifmarinvast.se\/orientering\/wp-json\/wp\/v2\/tags?post=867"}],"curies":[{"name":"wp","href":"https:\/\/api.w.org\/{rel}","templated":true}]}}