{"id":863,"date":"2004-10-17T00:00:00","date_gmt":"2004-10-16T22:00:00","guid":{"rendered":"http:\/\/ifmarinvast.se\/2016\/dala-dubbeln\/"},"modified":"2015-10-11T14:44:43","modified_gmt":"2015-10-11T12:44:43","slug":"dala-dubbeln","status":"publish","type":"post","link":"https:\/\/www.ifmarinvast.se\/orientering\/dala-dubbeln\/","title":{"rendered":"Dala-dubbeln"},"content":{"rendered":"<p>Emma G, Hanna och Ylva har sprungit Dala-dubbeln, en stor patrullt\u00e4vling, i Dalarna i helgen. I en patrullt\u00e4vling springer l\u00f6parna tv\u00e5 och tv\u00e5 tillsammans. Dala-dubbeln \u00e4r en j\u00e4ttestor ungdomst\u00e4vling och d\u00e4rf\u00f6r tycker jag det \u00e4r kul att n\u00e5gra fr\u00e5n v\u00e5r klubb \u00e4r med!<\/p>\n<p>Efter att ha kikat p\u00e5 resultaten kan jag konstatera att v\u00e5ra sm\u00e5 elittjejer satsat h\u00e5rt som vanligt&#8230;j\u00e4ttefina resultat, jag hoppas verkligen ni hade kul i \u00f6sregnet! Den som \u00e4r nyfiken kan kika sj\u00e4lv p\u00e5 <a href='http:\/\/www.svenskidrott.se\/Organisation.asp?orgelementid=28688' tagert='_blank'>Karlsbyhedens sida<\/a>. (En kilometertid p\u00e5 drygt \u00e5tta till knappt elva minuter p\u00e5 6km (l\u00e5ngdistans), vilka seniorer i klubben fixar det?)<\/p>\n<p>Den som k\u00e4nner sig inspirerad skaffar genast en partner och anm\u00e4ler sig till <a href='tavling\/index.asp?id=1038'>Silvatrof\u00e9n<\/a>, h\u00f6stens sista patrullt\u00e4vling&#8230;<\/p>\n","protected":false},"excerpt":{"rendered":"<p>Emma G, Hanna och Ylva har sprungit Dala-dubbeln, en stor patrullt\u00e4vling, i Dalarna i helgen. I en patrullt\u00e4vling springer l\u00f6parna tv\u00e5 och tv\u00e5 tillsammans. Dala-dubbeln \u00e4r en j\u00e4ttestor ungdomst\u00e4vling och [&hellip;]<\/p>\n","protected":false},"author":2,"featured_media":0,"comment_status":"open","ping_status":"open","sticky":false,"template":"","format":"standard","meta":{"footnotes":""},"categories":[262,1],"tags":[],"class_list":["post-863","post","type-post","status-publish","format-standard","hentry","category-nyheter","category-okategoriserade"],"_links":{"self":[{"href":"https:\/\/www.ifmarinvast.se\/orientering\/wp-json\/wp\/v2\/posts\/863","targetHints":{"allow":["GET"]}}],"collection":[{"href":"https:\/\/www.ifmarinvast.se\/orientering\/wp-json\/wp\/v2\/posts"}],"about":[{"href":"https:\/\/www.ifmarinvast.se\/orientering\/wp-json\/wp\/v2\/types\/post"}],"author":[{"embeddable":true,"href":"https:\/\/www.ifmarinvast.se\/orientering\/wp-json\/wp\/v2\/users\/2"}],"replies":[{"embeddable":true,"href":"https:\/\/www.ifmarinvast.se\/orientering\/wp-json\/wp\/v2\/comments?post=863"}],"version-history":[{"count":1,"href":"https:\/\/www.ifmarinvast.se\/orientering\/wp-json\/wp\/v2\/posts\/863\/revisions"}],"predecessor-version":[{"id":3127,"href":"https:\/\/www.ifmarinvast.se\/orientering\/wp-json\/wp\/v2\/posts\/863\/revisions\/3127"}],"wp:attachment":[{"href":"https:\/\/www.ifmarinvast.se\/orientering\/wp-json\/wp\/v2\/media?parent=863"}],"wp:term":[{"taxonomy":"category","embeddable":true,"href":"https:\/\/www.ifmarinvast.se\/orientering\/wp-json\/wp\/v2\/categories?post=863"},{"taxonomy":"post_tag","embeddable":true,"href":"https:\/\/www.ifmarinvast.se\/orientering\/wp-json\/wp\/v2\/tags?post=863"}],"curies":[{"name":"wp","href":"https:\/\/api.w.org\/{rel}","templated":true}]}}