{"id":856,"date":"2015-07-21T21:52:25","date_gmt":"2015-07-21T19:52:25","guid":{"rendered":"https:\/\/ifmvorientering.wordpress.com\/?p=856"},"modified":"2015-10-11T14:13:05","modified_gmt":"2015-10-11T12:13:05","slug":"har-sitter-vi-pa-etapp-3-och-4","status":"publish","type":"post","link":"https:\/\/www.ifmarinvast.se\/orientering\/har-sitter-vi-pa-etapp-3-och-4\/","title":{"rendered":"H\u00e4r sitter vi p\u00e5 etapp 3 och 4"},"content":{"rendered":"<p><a href=\"https:\/\/www.ifmarinvast.se\/orientering\/wp-content\/uploads\/2015\/07\/tc-e3-och-e4.png\"><img loading=\"lazy\" decoding=\"async\" class=\"alignnone  wp-image-855\" src=\"https:\/\/www.ifmarinvast.se\/orientering\/wp-content\/uploads\/2015\/07\/tc-e3-och-e4.png\" alt=\"tc e3 och e4\" width=\"715\" height=\"444\"><\/a><\/p>\n<p>F\u00f6r att s\u00e4kerst\u00e4lla optimal sittplats p\u00e5 TC begav sig Karin, Linda och Anders till Arena Kransmossen d\u00e4r den 3:e och 4:e etappen utspelar sig. Klubbens standard vajar nu \u00f6ver arenan s\u00e5 att tidiga startande hittar hit imorgon bitti.&nbsp;<\/p>\n<p>&nbsp;<a href=\"https:\/\/www.ifmarinvast.se\/orientering\/wp-content\/uploads\/2015\/07\/img_0203.jpg\"><img decoding=\"async\" src=\"https:\/\/www.ifmarinvast.se\/orientering\/wp-content\/uploads\/2015\/07\/img_0203.jpg\" alt=\"\"><\/a>&nbsp;<span style=\"line-height:28px;\">&nbsp;<\/span><br \/>\n<a href=\"https:\/\/www.ifmarinvast.se\/orientering\/wp-content\/uploads\/2015\/07\/img_0204.jpg\"><img decoding=\"async\" src=\"https:\/\/www.ifmarinvast.se\/orientering\/wp-content\/uploads\/2015\/07\/img_0204.jpg\" alt=\"\"><\/a>&nbsp;<\/p>\n","protected":false},"excerpt":{"rendered":"<p>F\u00f6r att s\u00e4kerst\u00e4lla optimal sittplats p\u00e5 TC begav sig Karin, Linda och Anders till Arena Kransmossen d\u00e4r den 3:e och 4:e etappen utspelar sig. Klubbens standard vajar nu \u00f6ver arenan [&hellip;]<\/p>\n","protected":false},"author":2,"featured_media":2463,"comment_status":"open","ping_status":"open","sticky":false,"template":"","format":"image","meta":{"footnotes":""},"categories":[263],"tags":[269],"class_list":["post-856","post","type-post","status-publish","format-image","has-post-thumbnail","hentry","category-bloggen","tag-o-ringen-boras-2015","post_format-post-format-image"],"_links":{"self":[{"href":"https:\/\/www.ifmarinvast.se\/orientering\/wp-json\/wp\/v2\/posts\/856","targetHints":{"allow":["GET"]}}],"collection":[{"href":"https:\/\/www.ifmarinvast.se\/orientering\/wp-json\/wp\/v2\/posts"}],"about":[{"href":"https:\/\/www.ifmarinvast.se\/orientering\/wp-json\/wp\/v2\/types\/post"}],"author":[{"embeddable":true,"href":"https:\/\/www.ifmarinvast.se\/orientering\/wp-json\/wp\/v2\/users\/2"}],"replies":[{"embeddable":true,"href":"https:\/\/www.ifmarinvast.se\/orientering\/wp-json\/wp\/v2\/comments?post=856"}],"version-history":[{"count":1,"href":"https:\/\/www.ifmarinvast.se\/orientering\/wp-json\/wp\/v2\/posts\/856\/revisions"}],"predecessor-version":[{"id":2780,"href":"https:\/\/www.ifmarinvast.se\/orientering\/wp-json\/wp\/v2\/posts\/856\/revisions\/2780"}],"wp:featuredmedia":[{"embeddable":true,"href":"https:\/\/www.ifmarinvast.se\/orientering\/wp-json\/wp\/v2\/media\/2463"}],"wp:attachment":[{"href":"https:\/\/www.ifmarinvast.se\/orientering\/wp-json\/wp\/v2\/media?parent=856"}],"wp:term":[{"taxonomy":"category","embeddable":true,"href":"https:\/\/www.ifmarinvast.se\/orientering\/wp-json\/wp\/v2\/categories?post=856"},{"taxonomy":"post_tag","embeddable":true,"href":"https:\/\/www.ifmarinvast.se\/orientering\/wp-json\/wp\/v2\/tags?post=856"}],"curies":[{"name":"wp","href":"https:\/\/api.w.org\/{rel}","templated":true}]}}