{"id":855,"date":"2004-10-06T00:00:00","date_gmt":"2004-10-05T22:00:00","guid":{"rendered":"http:\/\/ifmarinvast.se\/2016\/klubboende-pa-o-ringen-2005\/"},"modified":"2015-10-11T14:44:43","modified_gmt":"2015-10-11T12:44:43","slug":"klubboende-pa-o-ringen-2005","status":"publish","type":"post","link":"https:\/\/www.ifmarinvast.se\/orientering\/klubboende-pa-o-ringen-2005\/","title":{"rendered":"Klubboende p\u00e5 O-Ringen 2005"},"content":{"rendered":"<p>Idag den 4 oktober har jag bokat 24 platser p\u00e5 logementet p\u00e5 C-orten f\u00f6r O-Ringen n\u00e4sta \u00e5r. Det finns 300 s\u00e4ngplatser, 200 av dem \u00e4r bokade. Det finns 8- 12- och 30-(?) rum, Jag har bokat tre stycken 8-b\u00e4ddsrum.<\/p>\n<p><b>\u00c4r du intresserad? H\u00f6r av dig!<\/b> \u00c4n s\u00e5 l\u00e4nge g\u00e5r det ocks\u00e5 bra att byta till annan rumstyp om man vill det. Det \u00e4r separata dusch-rum med st\u00e4ngd d\u00f6rr.<\/p>\n<p>Jag tror att de \u00f6vriga platserna, s\u00e4ngarna (75), g\u00e5r \u00e5t fort om folk anm\u00e4ler sig till O-ringen den 1 november, f\u00f6r d\u00e5 g\u00e5r dessa rum att boka on-line.<\/p>\n<p>H\u00f6r av dig om det \u00e4r n\u00e5got som \u00e4r oklart. Ring mig om du \u00e4r intresserad eller om du vill ha annan rumstyp.<\/p>\n<p>H\u00e4lsningar Margareta Petersson<br \/>Tel: 031-292530<\/p>\n","protected":false},"excerpt":{"rendered":"<p>Idag den 4 oktober har jag bokat 24 platser p\u00e5 logementet p\u00e5 C-orten f\u00f6r O-Ringen n\u00e4sta \u00e5r. Det finns 300 s\u00e4ngplatser, 200 av dem \u00e4r bokade. Det finns 8- 12- [&hellip;]<\/p>\n","protected":false},"author":2,"featured_media":0,"comment_status":"open","ping_status":"open","sticky":false,"template":"","format":"standard","meta":{"footnotes":""},"categories":[262,1],"tags":[],"class_list":["post-855","post","type-post","status-publish","format-standard","hentry","category-nyheter","category-okategoriserade"],"_links":{"self":[{"href":"https:\/\/www.ifmarinvast.se\/orientering\/wp-json\/wp\/v2\/posts\/855","targetHints":{"allow":["GET"]}}],"collection":[{"href":"https:\/\/www.ifmarinvast.se\/orientering\/wp-json\/wp\/v2\/posts"}],"about":[{"href":"https:\/\/www.ifmarinvast.se\/orientering\/wp-json\/wp\/v2\/types\/post"}],"author":[{"embeddable":true,"href":"https:\/\/www.ifmarinvast.se\/orientering\/wp-json\/wp\/v2\/users\/2"}],"replies":[{"embeddable":true,"href":"https:\/\/www.ifmarinvast.se\/orientering\/wp-json\/wp\/v2\/comments?post=855"}],"version-history":[{"count":1,"href":"https:\/\/www.ifmarinvast.se\/orientering\/wp-json\/wp\/v2\/posts\/855\/revisions"}],"predecessor-version":[{"id":1777,"href":"https:\/\/www.ifmarinvast.se\/orientering\/wp-json\/wp\/v2\/posts\/855\/revisions\/1777"}],"wp:attachment":[{"href":"https:\/\/www.ifmarinvast.se\/orientering\/wp-json\/wp\/v2\/media?parent=855"}],"wp:term":[{"taxonomy":"category","embeddable":true,"href":"https:\/\/www.ifmarinvast.se\/orientering\/wp-json\/wp\/v2\/categories?post=855"},{"taxonomy":"post_tag","embeddable":true,"href":"https:\/\/www.ifmarinvast.se\/orientering\/wp-json\/wp\/v2\/tags?post=855"}],"curies":[{"name":"wp","href":"https:\/\/api.w.org\/{rel}","templated":true}]}}