{"id":852,"date":"2004-10-04T00:00:00","date_gmt":"2004-10-03T22:00:00","guid":{"rendered":"http:\/\/ifmarinvast.se\/2016\/filmpremiar\/"},"modified":"2015-10-11T14:44:44","modified_gmt":"2015-10-11T12:44:44","slug":"filmpremiar","status":"publish","type":"post","link":"https:\/\/www.ifmarinvast.se\/orientering\/filmpremiar\/","title":{"rendered":"Filmpremi\u00e4r"},"content":{"rendered":"<p><img src='http:\/\/www.longitud.net\/ifmv\/album\/album\/arkiv\/klappa.jpg' height='82' width='100' align='left'><br \/><a href='http:\/\/www.longitud.net\/ifmv\/album\/album\/Alehof2.wmv'>H\u00e4r<\/a> finns en liten film om IFMVs deltagande p\u00e5 Alehofs t\u00e4vling i s\u00f6ndags. (16,5 Mb)<\/p>\n","protected":false},"excerpt":{"rendered":"<p>H\u00e4r finns en liten film om IFMVs deltagande p\u00e5 Alehofs t\u00e4vling i s\u00f6ndags. (16,5 Mb)<\/p>\n","protected":false},"author":2,"featured_media":0,"comment_status":"open","ping_status":"open","sticky":false,"template":"","format":"standard","meta":{"footnotes":""},"categories":[262,1],"tags":[],"class_list":["post-852","post","type-post","status-publish","format-standard","hentry","category-nyheter","category-okategoriserade"],"_links":{"self":[{"href":"https:\/\/www.ifmarinvast.se\/orientering\/wp-json\/wp\/v2\/posts\/852","targetHints":{"allow":["GET"]}}],"collection":[{"href":"https:\/\/www.ifmarinvast.se\/orientering\/wp-json\/wp\/v2\/posts"}],"about":[{"href":"https:\/\/www.ifmarinvast.se\/orientering\/wp-json\/wp\/v2\/types\/post"}],"author":[{"embeddable":true,"href":"https:\/\/www.ifmarinvast.se\/orientering\/wp-json\/wp\/v2\/users\/2"}],"replies":[{"embeddable":true,"href":"https:\/\/www.ifmarinvast.se\/orientering\/wp-json\/wp\/v2\/comments?post=852"}],"version-history":[{"count":1,"href":"https:\/\/www.ifmarinvast.se\/orientering\/wp-json\/wp\/v2\/posts\/852\/revisions"}],"predecessor-version":[{"id":3128,"href":"https:\/\/www.ifmarinvast.se\/orientering\/wp-json\/wp\/v2\/posts\/852\/revisions\/3128"}],"wp:attachment":[{"href":"https:\/\/www.ifmarinvast.se\/orientering\/wp-json\/wp\/v2\/media?parent=852"}],"wp:term":[{"taxonomy":"category","embeddable":true,"href":"https:\/\/www.ifmarinvast.se\/orientering\/wp-json\/wp\/v2\/categories?post=852"},{"taxonomy":"post_tag","embeddable":true,"href":"https:\/\/www.ifmarinvast.se\/orientering\/wp-json\/wp\/v2\/tags?post=852"}],"curies":[{"name":"wp","href":"https:\/\/api.w.org\/{rel}","templated":true}]}}