{"id":85,"date":"2013-07-20T16:48:29","date_gmt":"2013-07-20T14:48:29","guid":{"rendered":"https:\/\/ifmvorientering.wordpress.com\/?p=85"},"modified":"2015-10-11T14:12:12","modified_gmt":"2015-10-11T12:12:12","slug":"bodens-mediacenter-alltid-pa-v","status":"publish","type":"post","link":"https:\/\/www.ifmarinvast.se\/orientering\/bodens-mediacenter-alltid-pa-v\/","title":{"rendered":"Bodens mediacenter &#8211; alltid p\u00e5 V"},"content":{"rendered":"<p>I v\u00e5r kartl\u00e4ggning av Boden hittade vi snabbt Vidars Radio och TV, i samma hus som lokaltidningarna. Nu har vi tyv\u00e4rr inte Vidar med oss vilket \u00e4r synd, eftersom vi g\u00e4rna velat ha hj\u00e4lp med n\u00e5n kreativ uppkoppling f\u00f6r att kunna se fotbollen imorgon. Vi skickar dock h\u00e4r ett glatt Vykort och V-tecken till Vidar fr\u00e5n Boden!<\/p>\n<p><a href=\"http:\/\/ifmvorientering.files.wordpress.com\/2013\/07\/20130720-164814.jpg\"><img decoding=\"async\" src=\"http:\/\/ifmvorientering.files.wordpress.com\/2013\/07\/20130720-164814.jpg\" alt=\"20130720-164814.jpg\" class=\"alignnone size-full\" \/><\/a><\/p>\n","protected":false},"excerpt":{"rendered":"<p>I v\u00e5r kartl\u00e4ggning av Boden hittade vi snabbt Vidars Radio och TV, i samma hus som lokaltidningarna. Nu har vi tyv\u00e4rr inte Vidar med oss vilket \u00e4r synd, eftersom vi [&hellip;]<\/p>\n","protected":false},"author":2,"featured_media":0,"comment_status":"open","ping_status":"open","sticky":false,"template":"","format":"standard","meta":{"footnotes":""},"categories":[263],"tags":[268,225,229,238,243],"class_list":["post-85","post","type-post","status-publish","format-standard","hentry","category-bloggen","tag-o-ringen-boden-2013","tag-tv","tag-v-tecken","tag-vidar","tag-vykort"],"_links":{"self":[{"href":"https:\/\/www.ifmarinvast.se\/orientering\/wp-json\/wp\/v2\/posts\/85","targetHints":{"allow":["GET"]}}],"collection":[{"href":"https:\/\/www.ifmarinvast.se\/orientering\/wp-json\/wp\/v2\/posts"}],"about":[{"href":"https:\/\/www.ifmarinvast.se\/orientering\/wp-json\/wp\/v2\/types\/post"}],"author":[{"embeddable":true,"href":"https:\/\/www.ifmarinvast.se\/orientering\/wp-json\/wp\/v2\/users\/2"}],"replies":[{"embeddable":true,"href":"https:\/\/www.ifmarinvast.se\/orientering\/wp-json\/wp\/v2\/comments?post=85"}],"version-history":[{"count":1,"href":"https:\/\/www.ifmarinvast.se\/orientering\/wp-json\/wp\/v2\/posts\/85\/revisions"}],"predecessor-version":[{"id":2528,"href":"https:\/\/www.ifmarinvast.se\/orientering\/wp-json\/wp\/v2\/posts\/85\/revisions\/2528"}],"wp:attachment":[{"href":"https:\/\/www.ifmarinvast.se\/orientering\/wp-json\/wp\/v2\/media?parent=85"}],"wp:term":[{"taxonomy":"category","embeddable":true,"href":"https:\/\/www.ifmarinvast.se\/orientering\/wp-json\/wp\/v2\/categories?post=85"},{"taxonomy":"post_tag","embeddable":true,"href":"https:\/\/www.ifmarinvast.se\/orientering\/wp-json\/wp\/v2\/tags?post=85"}],"curies":[{"name":"wp","href":"https:\/\/api.w.org\/{rel}","templated":true}]}}