{"id":843,"date":"2004-09-25T00:00:00","date_gmt":"2004-09-24T22:00:00","guid":{"rendered":"http:\/\/ifmarinvast.se\/2016\/rapport-fran-skol-sm\/"},"modified":"2015-10-11T14:44:55","modified_gmt":"2015-10-11T12:44:55","slug":"rapport-fran-skol-sm","status":"publish","type":"post","link":"https:\/\/www.ifmarinvast.se\/orientering\/rapport-fran-skol-sm\/","title":{"rendered":"Rapport fr\u00e5n Skol-SM"},"content":{"rendered":"<p>Denna helg p\u00e5g\u00e5r Skol-SM i Ronneby, och en IFMV:are, Ylva, \u00e4r d\u00e4r och t\u00e4vlar f\u00f6r sin skola. Resultaten hittas efterhand p\u00e5 <a href='http:\/\/www.rok.nu\/skolsm2004\/' target='_blank'>Skol-SM-sidan<\/a>, d\u00e4r man idag, l\u00f6rdag, kan konstatera att Ylva sprungit sprint i grundskoleklassen, och tagit en hedersam 41:a plats bland 91 startande. Verkligen roligt att se, mtp att Ylva hatar sprintdistans! \ud83d\ude42 Grattis till ett v\u00e4l genomf\u00f6rt lopp! Ylva var 4:42 efter p\u00e5 2210m.<\/p>\n<p><i>Vi \u00f6nskar lycka till p\u00e5 den klassiska distansen imorgon!<\/i><\/p>\n","protected":false},"excerpt":{"rendered":"<p>Denna helg p\u00e5g\u00e5r Skol-SM i Ronneby, och en IFMV:are, Ylva, \u00e4r d\u00e4r och t\u00e4vlar f\u00f6r sin skola. Resultaten hittas efterhand p\u00e5 Skol-SM-sidan, d\u00e4r man idag, l\u00f6rdag, kan konstatera att Ylva [&hellip;]<\/p>\n","protected":false},"author":2,"featured_media":0,"comment_status":"open","ping_status":"open","sticky":false,"template":"","format":"standard","meta":{"footnotes":""},"categories":[262,1],"tags":[],"class_list":["post-843","post","type-post","status-publish","format-standard","hentry","category-nyheter","category-okategoriserade"],"_links":{"self":[{"href":"https:\/\/www.ifmarinvast.se\/orientering\/wp-json\/wp\/v2\/posts\/843","targetHints":{"allow":["GET"]}}],"collection":[{"href":"https:\/\/www.ifmarinvast.se\/orientering\/wp-json\/wp\/v2\/posts"}],"about":[{"href":"https:\/\/www.ifmarinvast.se\/orientering\/wp-json\/wp\/v2\/types\/post"}],"author":[{"embeddable":true,"href":"https:\/\/www.ifmarinvast.se\/orientering\/wp-json\/wp\/v2\/users\/2"}],"replies":[{"embeddable":true,"href":"https:\/\/www.ifmarinvast.se\/orientering\/wp-json\/wp\/v2\/comments?post=843"}],"version-history":[{"count":1,"href":"https:\/\/www.ifmarinvast.se\/orientering\/wp-json\/wp\/v2\/posts\/843\/revisions"}],"predecessor-version":[{"id":3129,"href":"https:\/\/www.ifmarinvast.se\/orientering\/wp-json\/wp\/v2\/posts\/843\/revisions\/3129"}],"wp:attachment":[{"href":"https:\/\/www.ifmarinvast.se\/orientering\/wp-json\/wp\/v2\/media?parent=843"}],"wp:term":[{"taxonomy":"category","embeddable":true,"href":"https:\/\/www.ifmarinvast.se\/orientering\/wp-json\/wp\/v2\/categories?post=843"},{"taxonomy":"post_tag","embeddable":true,"href":"https:\/\/www.ifmarinvast.se\/orientering\/wp-json\/wp\/v2\/tags?post=843"}],"curies":[{"name":"wp","href":"https:\/\/api.w.org\/{rel}","templated":true}]}}