{"id":841,"date":"2015-07-20T21:35:29","date_gmt":"2015-07-20T19:35:29","guid":{"rendered":"https:\/\/ifmvorientering.wordpress.com\/?p=841"},"modified":"2015-10-11T14:13:05","modified_gmt":"2015-10-11T12:13:05","slug":"batliv-i-oresjo","status":"publish","type":"post","link":"https:\/\/www.ifmarinvast.se\/orientering\/batliv-i-oresjo\/","title":{"rendered":"B\u00e5tliv i \u00d6resj\u00f6"},"content":{"rendered":"<p><span style=\"line-height:1.5;\">B\u00e5de \u00e5ngb\u00e5t och EM-roddare syns fr\u00e5n v\u00e5rt boende.<\/span><\/p>\n<p><a href=\"https:\/\/ifmvorientering.files.wordpress.com\/2015\/07\/dsc_0061.jpg\"><img loading=\"lazy\" decoding=\"async\" class=\"alignnone  wp-image-842\" src=\"https:\/\/ifmvorientering.files.wordpress.com\/2015\/07\/dsc_0061.jpg?w=300\" alt=\"DSC_0061\" width=\"788\" height=\"641\" srcset=\"https:\/\/www.ifmarinvast.se\/orientering\/wp-content\/uploads\/2015\/07\/dsc_0061.jpg 3183w, https:\/\/www.ifmarinvast.se\/orientering\/wp-content\/uploads\/2015\/07\/dsc_0061-300x244.jpg 300w, https:\/\/www.ifmarinvast.se\/orientering\/wp-content\/uploads\/2015\/07\/dsc_0061-1024x832.jpg 1024w\" sizes=\"auto, (max-width: 788px) 100vw, 788px\" \/><\/a><\/p>\n","protected":false},"excerpt":{"rendered":"<p>B\u00e5de \u00e5ngb\u00e5t och EM-roddare syns fr\u00e5n v\u00e5rt boende.<\/p>\n","protected":false},"author":2,"featured_media":0,"comment_status":"open","ping_status":"open","sticky":false,"template":"","format":"standard","meta":{"footnotes":""},"categories":[263],"tags":[269],"class_list":["post-841","post","type-post","status-publish","format-standard","hentry","category-bloggen","tag-o-ringen-boras-2015"],"_links":{"self":[{"href":"https:\/\/www.ifmarinvast.se\/orientering\/wp-json\/wp\/v2\/posts\/841","targetHints":{"allow":["GET"]}}],"collection":[{"href":"https:\/\/www.ifmarinvast.se\/orientering\/wp-json\/wp\/v2\/posts"}],"about":[{"href":"https:\/\/www.ifmarinvast.se\/orientering\/wp-json\/wp\/v2\/types\/post"}],"author":[{"embeddable":true,"href":"https:\/\/www.ifmarinvast.se\/orientering\/wp-json\/wp\/v2\/users\/2"}],"replies":[{"embeddable":true,"href":"https:\/\/www.ifmarinvast.se\/orientering\/wp-json\/wp\/v2\/comments?post=841"}],"version-history":[{"count":1,"href":"https:\/\/www.ifmarinvast.se\/orientering\/wp-json\/wp\/v2\/posts\/841\/revisions"}],"predecessor-version":[{"id":2782,"href":"https:\/\/www.ifmarinvast.se\/orientering\/wp-json\/wp\/v2\/posts\/841\/revisions\/2782"}],"wp:attachment":[{"href":"https:\/\/www.ifmarinvast.se\/orientering\/wp-json\/wp\/v2\/media?parent=841"}],"wp:term":[{"taxonomy":"category","embeddable":true,"href":"https:\/\/www.ifmarinvast.se\/orientering\/wp-json\/wp\/v2\/categories?post=841"},{"taxonomy":"post_tag","embeddable":true,"href":"https:\/\/www.ifmarinvast.se\/orientering\/wp-json\/wp\/v2\/tags?post=841"}],"curies":[{"name":"wp","href":"https:\/\/api.w.org\/{rel}","templated":true}]}}