{"id":838,"date":"2015-07-20T11:18:59","date_gmt":"2015-07-20T09:18:59","guid":{"rendered":"https:\/\/ifmvorientering.wordpress.com\/?p=838"},"modified":"2015-10-11T14:13:05","modified_gmt":"2015-10-11T12:13:05","slug":"ras-och-raket-etapp-1","status":"publish","type":"post","link":"https:\/\/www.ifmarinvast.se\/orientering\/ras-och-raket-etapp-1\/","title":{"rendered":"Ras och Raket etapp 1"},"content":{"rendered":"<p>Marketappen bj\u00f6d p\u00e5 sv\u00e5r orientering och bitvis fysisk tuff terr\u00e4ng. Vi tacklade detta p\u00e5 olika s\u00e4tt, men alla IFMV-l\u00f6pare klarade utmaningen. S\u00e4rskilt imponerade \u00e4r vi av Gun, Hannes och Jakob som sprang nya och tuffare klasser i \u00e5r!<\/p>\n<p><a href=\"http:\/\/ifmvorientering.files.wordpress.com\/2015\/07\/wpid-wp-1437383843674.jpeg\"><img decoding=\"async\" title=\"wp-1437383843674\" class=\"alignnone size-full\" alt=\"image\" src=\"http:\/\/ifmvorientering.files.wordpress.com\/2015\/07\/wpid-wp-1437383843674.jpeg\"><\/a><\/p>\n<p>Det roliga var att omd\u00f6mena om banorna var delade mellan \u201cj\u00e4ttetufft och j\u00e4ttejobbigt\u201d och \u201cj\u00e4ttetufft och j\u00e4tteroligt\u201d :). Snabbast i spurten var Hannes. I \u00d6M5 var kampen mellan Margareta och Ola stenh\u00e5rd, d\u00e4r ett parallellfel avgjorde till Olas fav\u00f6r. I H70 var det tight i klubbkampen trots att b\u00e5da herrarna var ute \u00f6ver tv\u00e5 timmar. H\u00e4rligt k\u00e4mpat! I H21K var gammal \u00e4ldst, och n\u00e5t ska v\u00e4l Anders ha n\u00e4r han av sn\u00e4llhet springer H21 trots att han kunnat springa den kortare H35 i tre \u00e5r&#8230; \u00c4ven Linda \u00e4ndrade till kortklass i sista minuten (med mammas hj\u00e4lp) och slapp springa s\u00e5 l\u00e5ngt. Anders, Jakob och Klas hade l\u00e4ngst banor med 7,5 km, men enligt GPS-sp\u00e5ren sprang vi \u00e4ven 6km i D60 och 9km i H13!<\/p>\n<p>F\u00f6rsta etappen gick Ras- och Rakettr\u00f6jorna traditionsenligt till den som var n\u00e4rmast t\u00e4ten respektive slutet av sin klass efter en dag. Rasutn\u00e4mningen delades av Karin och Jakob, b\u00e5da fyra fr\u00e5n slutet, med Bengt p\u00e5 en \u00e4rofylld tredjeplats som femma fr\u00e5n slutet.<\/p>\n<p>N\u00e4stan samma personer var ocks\u00e5 p\u00e5 pallen f\u00f6r Raketen, d\u00e4r Karin blev trea med sin 51e-plats, Jakob tv\u00e5a med sin 49e, och Linda som kom 7a vann Raketen etapp 1. T\u00e4vlingen var med andra ord precis lika sv\u00e5r att f\u00f6rst\u00e5 som vanligt \ud83d\ude42&nbsp; Grattis alla!<\/p>\n<p><a href=\"http:\/\/ifmvorientering.files.wordpress.com\/2015\/07\/wpid-img_20150720_104216.jpg\"><img decoding=\"async\" title=\"IMG_20150720_104216.jpg\" class=\"alignnone size-full\" alt=\"image\" src=\"http:\/\/ifmvorientering.files.wordpress.com\/2015\/07\/wpid-img_20150720_104216.jpg\"><\/a><\/p>\n","protected":false},"excerpt":{"rendered":"<p>Marketappen bj\u00f6d p\u00e5 sv\u00e5r orientering och bitvis fysisk tuff terr\u00e4ng. Vi tacklade detta p\u00e5 olika s\u00e4tt, men alla IFMV-l\u00f6pare klarade utmaningen. S\u00e4rskilt imponerade \u00e4r vi av Gun, Hannes och Jakob [&hellip;]<\/p>\n","protected":false},"author":2,"featured_media":0,"comment_status":"open","ping_status":"open","sticky":false,"template":"","format":"standard","meta":{"footnotes":""},"categories":[263],"tags":[269],"class_list":["post-838","post","type-post","status-publish","format-standard","hentry","category-bloggen","tag-o-ringen-boras-2015"],"_links":{"self":[{"href":"https:\/\/www.ifmarinvast.se\/orientering\/wp-json\/wp\/v2\/posts\/838","targetHints":{"allow":["GET"]}}],"collection":[{"href":"https:\/\/www.ifmarinvast.se\/orientering\/wp-json\/wp\/v2\/posts"}],"about":[{"href":"https:\/\/www.ifmarinvast.se\/orientering\/wp-json\/wp\/v2\/types\/post"}],"author":[{"embeddable":true,"href":"https:\/\/www.ifmarinvast.se\/orientering\/wp-json\/wp\/v2\/users\/2"}],"replies":[{"embeddable":true,"href":"https:\/\/www.ifmarinvast.se\/orientering\/wp-json\/wp\/v2\/comments?post=838"}],"version-history":[{"count":1,"href":"https:\/\/www.ifmarinvast.se\/orientering\/wp-json\/wp\/v2\/posts\/838\/revisions"}],"predecessor-version":[{"id":2908,"href":"https:\/\/www.ifmarinvast.se\/orientering\/wp-json\/wp\/v2\/posts\/838\/revisions\/2908"}],"wp:attachment":[{"href":"https:\/\/www.ifmarinvast.se\/orientering\/wp-json\/wp\/v2\/media?parent=838"}],"wp:term":[{"taxonomy":"category","embeddable":true,"href":"https:\/\/www.ifmarinvast.se\/orientering\/wp-json\/wp\/v2\/categories?post=838"},{"taxonomy":"post_tag","embeddable":true,"href":"https:\/\/www.ifmarinvast.se\/orientering\/wp-json\/wp\/v2\/tags?post=838"}],"curies":[{"name":"wp","href":"https:\/\/api.w.org\/{rel}","templated":true}]}}