{"id":837,"date":"2004-09-17T00:00:00","date_gmt":"2004-09-16T22:00:00","guid":{"rendered":"http:\/\/ifmarinvast.se\/2016\/torsdagstraning-23-9\/"},"modified":"2015-10-11T14:44:55","modified_gmt":"2015-10-11T12:44:55","slug":"torsdagstraning-23-9","status":"publish","type":"post","link":"https:\/\/www.ifmarinvast.se\/orientering\/torsdagstraning-23-9\/","title":{"rendered":"Torsdagstr\u00e4ning 23\/9"},"content":{"rendered":"<p>IK Uven som h\u00e5ller i denna torsdagstr\u00e4ning har meddelat att terr\u00e4ngen \u00e4r f\u00f6r sv\u00e5r f\u00f6r nyb\u00f6rjare. Det kommer d\u00e4rf\u00f6r att h\u00e5llas en mer ungdomsv\u00e4nlig tr\u00e4ning vid Villa Belparc, samling parkeringen intill, samma tid. <\/p>\n<p>F\u00f6r \u00f6vriga \u00e4r det <b>Klung-OL<\/b> som g\u00e4ller vid H\u00e4lles\u00e5ker, samling vakten Amf4 kl 17.15. OBS tiden!<\/p>\n","protected":false},"excerpt":{"rendered":"<p>IK Uven som h\u00e5ller i denna torsdagstr\u00e4ning har meddelat att terr\u00e4ngen \u00e4r f\u00f6r sv\u00e5r f\u00f6r nyb\u00f6rjare. Det kommer d\u00e4rf\u00f6r att h\u00e5llas en mer ungdomsv\u00e4nlig tr\u00e4ning vid Villa Belparc, samling parkeringen [&hellip;]<\/p>\n","protected":false},"author":2,"featured_media":0,"comment_status":"open","ping_status":"open","sticky":false,"template":"","format":"standard","meta":{"footnotes":""},"categories":[262,1],"tags":[],"class_list":["post-837","post","type-post","status-publish","format-standard","hentry","category-nyheter","category-okategoriserade"],"_links":{"self":[{"href":"https:\/\/www.ifmarinvast.se\/orientering\/wp-json\/wp\/v2\/posts\/837","targetHints":{"allow":["GET"]}}],"collection":[{"href":"https:\/\/www.ifmarinvast.se\/orientering\/wp-json\/wp\/v2\/posts"}],"about":[{"href":"https:\/\/www.ifmarinvast.se\/orientering\/wp-json\/wp\/v2\/types\/post"}],"author":[{"embeddable":true,"href":"https:\/\/www.ifmarinvast.se\/orientering\/wp-json\/wp\/v2\/users\/2"}],"replies":[{"embeddable":true,"href":"https:\/\/www.ifmarinvast.se\/orientering\/wp-json\/wp\/v2\/comments?post=837"}],"version-history":[{"count":1,"href":"https:\/\/www.ifmarinvast.se\/orientering\/wp-json\/wp\/v2\/posts\/837\/revisions"}],"predecessor-version":[{"id":1769,"href":"https:\/\/www.ifmarinvast.se\/orientering\/wp-json\/wp\/v2\/posts\/837\/revisions\/1769"}],"wp:attachment":[{"href":"https:\/\/www.ifmarinvast.se\/orientering\/wp-json\/wp\/v2\/media?parent=837"}],"wp:term":[{"taxonomy":"category","embeddable":true,"href":"https:\/\/www.ifmarinvast.se\/orientering\/wp-json\/wp\/v2\/categories?post=837"},{"taxonomy":"post_tag","embeddable":true,"href":"https:\/\/www.ifmarinvast.se\/orientering\/wp-json\/wp\/v2\/tags?post=837"}],"curies":[{"name":"wp","href":"https:\/\/api.w.org\/{rel}","templated":true}]}}