{"id":836,"date":"2004-09-16T00:00:00","date_gmt":"2004-09-15T22:00:00","guid":{"rendered":"http:\/\/ifmarinvast.se\/2016\/ifk-kavlen-och-smalandskavlen\/"},"modified":"2015-10-11T14:44:55","modified_gmt":"2015-10-11T12:44:55","slug":"ifk-kavlen-och-smalandskavlen","status":"publish","type":"post","link":"https:\/\/www.ifmarinvast.se\/orientering\/ifk-kavlen-och-smalandskavlen\/","title":{"rendered":"IFK-kavlen och Sm\u00e5landskavlen"},"content":{"rendered":"<p>H\u00f6stens tv\u00e5 stora budkavlar n\u00e4rmar sig och det b\u00f6rjar bli dags att ta fram l\u00e5ngkalsongerna. Vi f\u00f6rs\u00f6ker naturligtvis att f\u00e5 ihop n\u00e5gra IFMV-lag till dessa t\u00e4vlingar. \u00c4r du intresserade s\u00e5 h\u00f6r av dig till Hans, <a href='mailto:hans@ifmv.nu'>hans@ifmv.nu<\/a>.<\/p>\n<p>IFMV-resor arrangerar ocks\u00e5 i \u00e5r en resa till Sm\u00e5landskavlen, 30-31 oktober.<br \/><a href='http:\/\/www.ifmv.nu\/aktuellt\/smaland2004.asp'>Lite mer info hittar du p\u00e5 Sm\u00e5landssidan \u00bb<\/a>.<\/p>\n","protected":false},"excerpt":{"rendered":"<p>H\u00f6stens tv\u00e5 stora budkavlar n\u00e4rmar sig och det b\u00f6rjar bli dags att ta fram l\u00e5ngkalsongerna. Vi f\u00f6rs\u00f6ker naturligtvis att f\u00e5 ihop n\u00e5gra IFMV-lag till dessa t\u00e4vlingar. \u00c4r du intresserade s\u00e5 [&hellip;]<\/p>\n","protected":false},"author":2,"featured_media":0,"comment_status":"open","ping_status":"open","sticky":false,"template":"","format":"standard","meta":{"footnotes":""},"categories":[262,1],"tags":[],"class_list":["post-836","post","type-post","status-publish","format-standard","hentry","category-nyheter","category-okategoriserade"],"_links":{"self":[{"href":"https:\/\/www.ifmarinvast.se\/orientering\/wp-json\/wp\/v2\/posts\/836","targetHints":{"allow":["GET"]}}],"collection":[{"href":"https:\/\/www.ifmarinvast.se\/orientering\/wp-json\/wp\/v2\/posts"}],"about":[{"href":"https:\/\/www.ifmarinvast.se\/orientering\/wp-json\/wp\/v2\/types\/post"}],"author":[{"embeddable":true,"href":"https:\/\/www.ifmarinvast.se\/orientering\/wp-json\/wp\/v2\/users\/2"}],"replies":[{"embeddable":true,"href":"https:\/\/www.ifmarinvast.se\/orientering\/wp-json\/wp\/v2\/comments?post=836"}],"version-history":[{"count":1,"href":"https:\/\/www.ifmarinvast.se\/orientering\/wp-json\/wp\/v2\/posts\/836\/revisions"}],"predecessor-version":[{"id":3130,"href":"https:\/\/www.ifmarinvast.se\/orientering\/wp-json\/wp\/v2\/posts\/836\/revisions\/3130"}],"wp:attachment":[{"href":"https:\/\/www.ifmarinvast.se\/orientering\/wp-json\/wp\/v2\/media?parent=836"}],"wp:term":[{"taxonomy":"category","embeddable":true,"href":"https:\/\/www.ifmarinvast.se\/orientering\/wp-json\/wp\/v2\/categories?post=836"},{"taxonomy":"post_tag","embeddable":true,"href":"https:\/\/www.ifmarinvast.se\/orientering\/wp-json\/wp\/v2\/tags?post=836"}],"curies":[{"name":"wp","href":"https:\/\/api.w.org\/{rel}","templated":true}]}}