{"id":835,"date":"2004-09-15T00:00:00","date_gmt":"2004-09-14T22:00:00","guid":{"rendered":"http:\/\/ifmarinvast.se\/2016\/torsdagstraning-kartminnestraning\/"},"modified":"2015-10-11T14:44:55","modified_gmt":"2015-10-11T12:44:55","slug":"torsdagstraning-kartminnestraning","status":"publish","type":"post","link":"https:\/\/www.ifmarinvast.se\/orientering\/torsdagstraning-kartminnestraning\/","title":{"rendered":"Torsdagstr\u00e4ning &#8211; kartminnestr\u00e4ning"},"content":{"rendered":"<p>Torsdagen den 16\/9 \u00e4r det kartminnestr\u00e4ning i \u00c4ngg\u00e5rdsbergen. <a href='http:\/\/kartor.eniro.se\/query?what=map&#038;mop=cs&#038;streetname=gruvgatan&#038;streetnumber=39&#038;city=g%F6teborg&#038;zipcode=&#038;mapstate=6%3B1269683%3B6399985%3B0%3B0%3B0%3B0%3B0%3B&#038;mapcomp=%3B%3B%3BGruvgatan%3B39%3B%3B42130%3BV%C4STRA+FR%D6LUNDA%3B%3B%3B%3B%3B1269683.0%3B6399985.0%3B0%3B0&#038;heading_exact=&#038;heading=&#038;heading_group=&#038;company_name=&#038;dir_area=&#038;geo_area=&#038;district_code=&#038;ns=&#038;stq=0&#038;symbols=&#038;tpl=print_map'>Samling P-platsen l\u00e4ngst upp p\u00e5 Gruvgatan, H\u00f6gsbo industriomr\u00e5de<\/a>. Start kan ske mellan kl 17.30 och 18.30. <\/p>\n<p>F\u00f6r IF Marin V\u00e4st-l\u00f6pare g\u00e4ller som vanligt att vi tr\u00e4ffas vid vakten kl 17.30.<\/p>\n","protected":false},"excerpt":{"rendered":"<p>Torsdagen den 16\/9 \u00e4r det kartminnestr\u00e4ning i \u00c4ngg\u00e5rdsbergen. Samling P-platsen l\u00e4ngst upp p\u00e5 Gruvgatan, H\u00f6gsbo industriomr\u00e5de. Start kan ske mellan kl 17.30 och 18.30. F\u00f6r IF Marin V\u00e4st-l\u00f6pare g\u00e4ller som [&hellip;]<\/p>\n","protected":false},"author":2,"featured_media":0,"comment_status":"open","ping_status":"open","sticky":false,"template":"","format":"standard","meta":{"footnotes":""},"categories":[262,1],"tags":[],"class_list":["post-835","post","type-post","status-publish","format-standard","hentry","category-nyheter","category-okategoriserade"],"_links":{"self":[{"href":"https:\/\/www.ifmarinvast.se\/orientering\/wp-json\/wp\/v2\/posts\/835","targetHints":{"allow":["GET"]}}],"collection":[{"href":"https:\/\/www.ifmarinvast.se\/orientering\/wp-json\/wp\/v2\/posts"}],"about":[{"href":"https:\/\/www.ifmarinvast.se\/orientering\/wp-json\/wp\/v2\/types\/post"}],"author":[{"embeddable":true,"href":"https:\/\/www.ifmarinvast.se\/orientering\/wp-json\/wp\/v2\/users\/2"}],"replies":[{"embeddable":true,"href":"https:\/\/www.ifmarinvast.se\/orientering\/wp-json\/wp\/v2\/comments?post=835"}],"version-history":[{"count":1,"href":"https:\/\/www.ifmarinvast.se\/orientering\/wp-json\/wp\/v2\/posts\/835\/revisions"}],"predecessor-version":[{"id":3131,"href":"https:\/\/www.ifmarinvast.se\/orientering\/wp-json\/wp\/v2\/posts\/835\/revisions\/3131"}],"wp:attachment":[{"href":"https:\/\/www.ifmarinvast.se\/orientering\/wp-json\/wp\/v2\/media?parent=835"}],"wp:term":[{"taxonomy":"category","embeddable":true,"href":"https:\/\/www.ifmarinvast.se\/orientering\/wp-json\/wp\/v2\/categories?post=835"},{"taxonomy":"post_tag","embeddable":true,"href":"https:\/\/www.ifmarinvast.se\/orientering\/wp-json\/wp\/v2\/tags?post=835"}],"curies":[{"name":"wp","href":"https:\/\/api.w.org\/{rel}","templated":true}]}}