{"id":831,"date":"2004-09-13T00:00:00","date_gmt":"2004-09-12T22:00:00","guid":{"rendered":"http:\/\/ifmarinvast.se\/2016\/sa-borjade-det\/"},"modified":"2015-10-11T14:44:55","modified_gmt":"2015-10-11T12:44:55","slug":"sa-borjade-det","status":"publish","type":"post","link":"https:\/\/www.ifmarinvast.se\/orientering\/sa-borjade-det\/","title":{"rendered":"S\u00e5 b\u00f6rjade det&#8230;"},"content":{"rendered":"<p><a href='http:\/\/www.longitud.net\/ifmv\/album\/album\/Linda\/korint04\/' target='_blank'><img src='http:\/\/www.longitud.net\/ifmv\/album\/album\/Linda\/korint04\/korint 04.jpg' height='200' width='128' align='right'><\/a><\/p>\n<p>Ett nytt fotoalbum har skapats f\u00f6r att beskriva de f\u00f6rsta sk\u00e4lvande timmarna av <b>Korint -04<\/b>, \u00e5rets IFMV-l\u00e4ger, som regerade Kinnaskogarna den g\u00e5ngna helgen. <a href='http:\/\/www.longitud.net\/ifmv\/album\/album\/Linda\/korint04\/' target='_blank'>Rusa genast dit!>><\/a><\/p>\n","protected":false},"excerpt":{"rendered":"<p>Ett nytt fotoalbum har skapats f\u00f6r att beskriva de f\u00f6rsta sk\u00e4lvande timmarna av Korint -04, \u00e5rets IFMV-l\u00e4ger, som regerade Kinnaskogarna den g\u00e5ngna helgen. Rusa genast dit!>><\/p>\n","protected":false},"author":2,"featured_media":0,"comment_status":"open","ping_status":"open","sticky":false,"template":"","format":"standard","meta":{"footnotes":""},"categories":[262,1],"tags":[],"class_list":["post-831","post","type-post","status-publish","format-standard","hentry","category-nyheter","category-okategoriserade"],"_links":{"self":[{"href":"https:\/\/www.ifmarinvast.se\/orientering\/wp-json\/wp\/v2\/posts\/831","targetHints":{"allow":["GET"]}}],"collection":[{"href":"https:\/\/www.ifmarinvast.se\/orientering\/wp-json\/wp\/v2\/posts"}],"about":[{"href":"https:\/\/www.ifmarinvast.se\/orientering\/wp-json\/wp\/v2\/types\/post"}],"author":[{"embeddable":true,"href":"https:\/\/www.ifmarinvast.se\/orientering\/wp-json\/wp\/v2\/users\/2"}],"replies":[{"embeddable":true,"href":"https:\/\/www.ifmarinvast.se\/orientering\/wp-json\/wp\/v2\/comments?post=831"}],"version-history":[{"count":1,"href":"https:\/\/www.ifmarinvast.se\/orientering\/wp-json\/wp\/v2\/posts\/831\/revisions"}],"predecessor-version":[{"id":3132,"href":"https:\/\/www.ifmarinvast.se\/orientering\/wp-json\/wp\/v2\/posts\/831\/revisions\/3132"}],"wp:attachment":[{"href":"https:\/\/www.ifmarinvast.se\/orientering\/wp-json\/wp\/v2\/media?parent=831"}],"wp:term":[{"taxonomy":"category","embeddable":true,"href":"https:\/\/www.ifmarinvast.se\/orientering\/wp-json\/wp\/v2\/categories?post=831"},{"taxonomy":"post_tag","embeddable":true,"href":"https:\/\/www.ifmarinvast.se\/orientering\/wp-json\/wp\/v2\/tags?post=831"}],"curies":[{"name":"wp","href":"https:\/\/api.w.org\/{rel}","templated":true}]}}