{"id":821,"date":"2004-09-04T00:00:00","date_gmt":"2004-09-03T22:00:00","guid":{"rendered":"http:\/\/ifmarinvast.se\/2016\/bilder-fran-kort-dm-i-landvetter\/"},"modified":"2015-10-11T14:44:56","modified_gmt":"2015-10-11T12:44:56","slug":"bilder-fran-kort-dm-i-landvetter","status":"publish","type":"post","link":"https:\/\/www.ifmarinvast.se\/orientering\/bilder-fran-kort-dm-i-landvetter\/","title":{"rendered":"Bilder fr\u00e5n Kort-DM i Landvetter"},"content":{"rendered":"<p><a href='http:\/\/once.nu\/klas\/album\/040904_kortdm\/040904_kortdm.html' target='_blank'><img src='http:\/\/once.nu\/klas\/album\/040904_kortdm\/040904_kortdm-Thumbnails\/14.jpg' border=1 width=150 align='right'><\/a>Nu finns det n\u00e5gra bilder fr\u00e5n Kort-DM i Landvetter.<br \/><a href='http:\/\/once.nu\/klas\/album\/040904_kortdm\/040904_kortdm.html' target='_blank'>Bilder fr\u00e5n Kort-DM \u00bb<\/a><br \/>Resultaten publiceras hos <a href='http:\/\/www.svenskidrott.se\/organisation.asp?OrgElementId=29021' target'_blank'>Landehof \u00bb<\/a><\/p>\n","protected":false},"excerpt":{"rendered":"<p>Nu finns det n\u00e5gra bilder fr\u00e5n Kort-DM i Landvetter.Bilder fr\u00e5n Kort-DM \u00bbResultaten publiceras hos Landehof \u00bb<\/p>\n","protected":false},"author":2,"featured_media":0,"comment_status":"open","ping_status":"open","sticky":false,"template":"","format":"standard","meta":{"footnotes":""},"categories":[262,1],"tags":[],"class_list":["post-821","post","type-post","status-publish","format-standard","hentry","category-nyheter","category-okategoriserade"],"_links":{"self":[{"href":"https:\/\/www.ifmarinvast.se\/orientering\/wp-json\/wp\/v2\/posts\/821","targetHints":{"allow":["GET"]}}],"collection":[{"href":"https:\/\/www.ifmarinvast.se\/orientering\/wp-json\/wp\/v2\/posts"}],"about":[{"href":"https:\/\/www.ifmarinvast.se\/orientering\/wp-json\/wp\/v2\/types\/post"}],"author":[{"embeddable":true,"href":"https:\/\/www.ifmarinvast.se\/orientering\/wp-json\/wp\/v2\/users\/2"}],"replies":[{"embeddable":true,"href":"https:\/\/www.ifmarinvast.se\/orientering\/wp-json\/wp\/v2\/comments?post=821"}],"version-history":[{"count":1,"href":"https:\/\/www.ifmarinvast.se\/orientering\/wp-json\/wp\/v2\/posts\/821\/revisions"}],"predecessor-version":[{"id":1764,"href":"https:\/\/www.ifmarinvast.se\/orientering\/wp-json\/wp\/v2\/posts\/821\/revisions\/1764"}],"wp:attachment":[{"href":"https:\/\/www.ifmarinvast.se\/orientering\/wp-json\/wp\/v2\/media?parent=821"}],"wp:term":[{"taxonomy":"category","embeddable":true,"href":"https:\/\/www.ifmarinvast.se\/orientering\/wp-json\/wp\/v2\/categories?post=821"},{"taxonomy":"post_tag","embeddable":true,"href":"https:\/\/www.ifmarinvast.se\/orientering\/wp-json\/wp\/v2\/tags?post=821"}],"curies":[{"name":"wp","href":"https:\/\/api.w.org\/{rel}","templated":true}]}}