{"id":818,"date":"2004-08-30T00:00:00","date_gmt":"2004-08-29T22:00:00","guid":{"rendered":"http:\/\/ifmarinvast.se\/2016\/km-klassisk-distans\/"},"modified":"2015-10-11T14:44:56","modified_gmt":"2015-10-11T12:44:56","slug":"km-klassisk-distans","status":"publish","type":"post","link":"https:\/\/www.ifmarinvast.se\/orientering\/km-klassisk-distans\/","title":{"rendered":"KM Klassisk distans"},"content":{"rendered":"<p><b>Torsdag 2 september<\/b><br \/><b>Samling:<\/b> SAIK-stugan K\u00e5sj\u00f6n<br \/><b>Parkering:<\/b> K\u00e5sj\u00f6ns Badplats eller vid Vattentornet.<br \/><b>Start:<\/b> Fri start fr\u00e5n kl. 17.30-19.00.<br \/>Var i god tid, m\u00e5nga skall starta och med 1 minuts startmellanrum.<br \/><b>Dusch:<\/b> i SAIK-stugan<br \/><b>St\u00e4mpling:<\/b> Stiftkl\u00e4mma<\/p>\n<p><a href='http:\/\/www.ifmv.nu\/aktuellt\/kmstart2004.asp'>Startlista \u00bb<\/a><\/p>\n","protected":false},"excerpt":{"rendered":"<p>Torsdag 2 septemberSamling: SAIK-stugan K\u00e5sj\u00f6nParkering: K\u00e5sj\u00f6ns Badplats eller vid Vattentornet.Start: Fri start fr\u00e5n kl. 17.30-19.00.Var i god tid, m\u00e5nga skall starta och med 1 minuts startmellanrum.Dusch: i SAIK-stuganSt\u00e4mpling: Stiftkl\u00e4mma Startlista [&hellip;]<\/p>\n","protected":false},"author":2,"featured_media":0,"comment_status":"open","ping_status":"open","sticky":false,"template":"","format":"standard","meta":{"footnotes":""},"categories":[262,1],"tags":[],"class_list":["post-818","post","type-post","status-publish","format-standard","hentry","category-nyheter","category-okategoriserade"],"_links":{"self":[{"href":"https:\/\/www.ifmarinvast.se\/orientering\/wp-json\/wp\/v2\/posts\/818","targetHints":{"allow":["GET"]}}],"collection":[{"href":"https:\/\/www.ifmarinvast.se\/orientering\/wp-json\/wp\/v2\/posts"}],"about":[{"href":"https:\/\/www.ifmarinvast.se\/orientering\/wp-json\/wp\/v2\/types\/post"}],"author":[{"embeddable":true,"href":"https:\/\/www.ifmarinvast.se\/orientering\/wp-json\/wp\/v2\/users\/2"}],"replies":[{"embeddable":true,"href":"https:\/\/www.ifmarinvast.se\/orientering\/wp-json\/wp\/v2\/comments?post=818"}],"version-history":[{"count":1,"href":"https:\/\/www.ifmarinvast.se\/orientering\/wp-json\/wp\/v2\/posts\/818\/revisions"}],"predecessor-version":[{"id":1763,"href":"https:\/\/www.ifmarinvast.se\/orientering\/wp-json\/wp\/v2\/posts\/818\/revisions\/1763"}],"wp:attachment":[{"href":"https:\/\/www.ifmarinvast.se\/orientering\/wp-json\/wp\/v2\/media?parent=818"}],"wp:term":[{"taxonomy":"category","embeddable":true,"href":"https:\/\/www.ifmarinvast.se\/orientering\/wp-json\/wp\/v2\/categories?post=818"},{"taxonomy":"post_tag","embeddable":true,"href":"https:\/\/www.ifmarinvast.se\/orientering\/wp-json\/wp\/v2\/tags?post=818"}],"curies":[{"name":"wp","href":"https:\/\/api.w.org\/{rel}","templated":true}]}}