{"id":815,"date":"2004-08-29T00:00:00","date_gmt":"2004-08-28T22:00:00","guid":{"rendered":"http:\/\/ifmarinvast.se\/2016\/nya-dm-titlar\/"},"modified":"2015-10-11T14:44:56","modified_gmt":"2015-10-11T12:44:56","slug":"nya-dm-titlar","status":"publish","type":"post","link":"https:\/\/www.ifmarinvast.se\/orientering\/nya-dm-titlar\/","title":{"rendered":"Nya DM-titlar!!"},"content":{"rendered":"<p>P\u00e5 dagens klassiska DM blev det nya plaketter till IFMV. Extra kul att det \u00e4r nya personer som visade framf\u00f6tterna idag &#8211; <b>GRATTIS!<\/b><P ALIGN=CENTER><a href='http:\/\/www.longitud.net\/ifmv\/album\/album\/arkiv\/dm_klassisk2004stor.jpg' target='blank'><img src='http:\/\/www.longitud.net\/ifmv\/album\/album\/arkiv\/dm_klassisk2004.jpg' border=1 height='80' width='280'><\/a><\/P><b>Emma G<\/b> blev distriktsm\u00e4stare i D14. Hon gjorde ett starkt lopp mot ett \u00e5r \u00e4ldre motst\u00e5nd och p\u00e5 en sv\u00e5r bana, och slog, trots en bom p\u00e5 n\u00e4st sista kontrollen, tv\u00e5an med ungef\u00e4r tv\u00e5 minuter.<\/p>\n<p><b>Clara G<\/b> tog silver i den stora klassen D12, och passade verkligen p\u00e5 att g\u00f6ra sitt b\u00e4sta lopp den dagen man fick plakett f\u00f6r det! Eller, b\u00e4sta lopp&#8230;Clara \u00e4r v\u00e4l alltid n\u00f6jd med sina lopp?<\/p>\n<p><b>Tobias A<\/b> menade att terr\u00e4ngen var jobbig och tung att springa, och visst hade han bara en motst\u00e5ndare, men \u00e4nd\u00e5: Seger i U3 med dagens st\u00f6rsta segermarginal &#8211; var den 40 min?<\/p>\n<p>\u00c4ven <b>Felix G<\/b> sprang sig till en plakett idag i inskolningsklassen. Bra jobbat av klubbens yngste sj\u00e4lvst\u00e4ndige orienterare!<\/p>\n<p>Kul att se m\u00e5nga IFMV:are ute idag, det var ett bra DM med luriga banor, dolda kontroller och jobbig tuvmark. Jag tror \u00e4ven att alla vi andra som INTE tog plakett idag kan hitta ett par prestationer att vara stolta \u00f6ver med de f\u00f6ruts\u00e4ttningarna, det kr\u00e4vde mycket orientering.<\/p>\n<p><A HREF='http:\/\/www.once.nu\/klas\/album\/040829_dm\/klas.html'><img src='http:\/\/www.longitud.net\/ifmv\/album\/album\/arkiv\/dm_klassisk_avgas2004.jpg' border=1 height='92' width='122' align='left'><\/A> Ta en titt i <a href='http:\/\/www.longitud.net\/ifmv\/album\/album\/2004-08-29\/index.html' >fotoalbumet<\/a>. D\u00e4r finns nu lite bilder fr\u00e5n t\u00e4vlingen. <\/p>\n<p>Dessutom kan man se hur familjen Jonssons <a href='http:\/\/www.once.nu\/klas\/album\/040829_dm\/klas.html'>avgasr\u00f6r<\/a> hamnade i bilens bagageutrymme.<\/p>\n","protected":false},"excerpt":{"rendered":"<p>P\u00e5 dagens klassiska DM blev det nya plaketter till IFMV. Extra kul att det \u00e4r nya personer som visade framf\u00f6tterna idag &#8211; GRATTIS!Emma G blev distriktsm\u00e4stare i D14. Hon gjorde [&hellip;]<\/p>\n","protected":false},"author":2,"featured_media":0,"comment_status":"open","ping_status":"open","sticky":false,"template":"","format":"standard","meta":{"footnotes":""},"categories":[262,1],"tags":[],"class_list":["post-815","post","type-post","status-publish","format-standard","hentry","category-nyheter","category-okategoriserade"],"_links":{"self":[{"href":"https:\/\/www.ifmarinvast.se\/orientering\/wp-json\/wp\/v2\/posts\/815","targetHints":{"allow":["GET"]}}],"collection":[{"href":"https:\/\/www.ifmarinvast.se\/orientering\/wp-json\/wp\/v2\/posts"}],"about":[{"href":"https:\/\/www.ifmarinvast.se\/orientering\/wp-json\/wp\/v2\/types\/post"}],"author":[{"embeddable":true,"href":"https:\/\/www.ifmarinvast.se\/orientering\/wp-json\/wp\/v2\/users\/2"}],"replies":[{"embeddable":true,"href":"https:\/\/www.ifmarinvast.se\/orientering\/wp-json\/wp\/v2\/comments?post=815"}],"version-history":[{"count":1,"href":"https:\/\/www.ifmarinvast.se\/orientering\/wp-json\/wp\/v2\/posts\/815\/revisions"}],"predecessor-version":[{"id":3137,"href":"https:\/\/www.ifmarinvast.se\/orientering\/wp-json\/wp\/v2\/posts\/815\/revisions\/3137"}],"wp:attachment":[{"href":"https:\/\/www.ifmarinvast.se\/orientering\/wp-json\/wp\/v2\/media?parent=815"}],"wp:term":[{"taxonomy":"category","embeddable":true,"href":"https:\/\/www.ifmarinvast.se\/orientering\/wp-json\/wp\/v2\/categories?post=815"},{"taxonomy":"post_tag","embeddable":true,"href":"https:\/\/www.ifmarinvast.se\/orientering\/wp-json\/wp\/v2\/tags?post=815"}],"curies":[{"name":"wp","href":"https:\/\/api.w.org\/{rel}","templated":true}]}}