{"id":794,"date":"2004-08-25T00:00:00","date_gmt":"2004-08-24T22:00:00","guid":{"rendered":"http:\/\/ifmarinvast.se\/2016\/protokoll-fran-styrelsemotet\/"},"modified":"2015-10-11T14:45:16","modified_gmt":"2015-10-11T12:45:16","slug":"protokoll-fran-styrelsemotet","status":"publish","type":"post","link":"https:\/\/www.ifmarinvast.se\/orientering\/protokoll-fran-styrelsemotet\/","title":{"rendered":"Protokoll fr\u00e5n styrelsem\u00f6tet"},"content":{"rendered":"<p>Protokollet fr\u00e5n styrelsem\u00f6tet den 24 augusti finns nu p\u00e5 <a href='http:\/\/www.ifmv.nu\/styrelsen\/protokoll'>Styrelsesidan<\/a>.<\/p>\n","protected":false},"excerpt":{"rendered":"<p>Protokollet fr\u00e5n styrelsem\u00f6tet den 24 augusti finns nu p\u00e5 Styrelsesidan.<\/p>\n","protected":false},"author":2,"featured_media":0,"comment_status":"open","ping_status":"open","sticky":false,"template":"","format":"standard","meta":{"footnotes":""},"categories":[262,1],"tags":[],"class_list":["post-794","post","type-post","status-publish","format-standard","hentry","category-nyheter","category-okategoriserade"],"_links":{"self":[{"href":"https:\/\/www.ifmarinvast.se\/orientering\/wp-json\/wp\/v2\/posts\/794","targetHints":{"allow":["GET"]}}],"collection":[{"href":"https:\/\/www.ifmarinvast.se\/orientering\/wp-json\/wp\/v2\/posts"}],"about":[{"href":"https:\/\/www.ifmarinvast.se\/orientering\/wp-json\/wp\/v2\/types\/post"}],"author":[{"embeddable":true,"href":"https:\/\/www.ifmarinvast.se\/orientering\/wp-json\/wp\/v2\/users\/2"}],"replies":[{"embeddable":true,"href":"https:\/\/www.ifmarinvast.se\/orientering\/wp-json\/wp\/v2\/comments?post=794"}],"version-history":[{"count":1,"href":"https:\/\/www.ifmarinvast.se\/orientering\/wp-json\/wp\/v2\/posts\/794\/revisions"}],"predecessor-version":[{"id":1762,"href":"https:\/\/www.ifmarinvast.se\/orientering\/wp-json\/wp\/v2\/posts\/794\/revisions\/1762"}],"wp:attachment":[{"href":"https:\/\/www.ifmarinvast.se\/orientering\/wp-json\/wp\/v2\/media?parent=794"}],"wp:term":[{"taxonomy":"category","embeddable":true,"href":"https:\/\/www.ifmarinvast.se\/orientering\/wp-json\/wp\/v2\/categories?post=794"},{"taxonomy":"post_tag","embeddable":true,"href":"https:\/\/www.ifmarinvast.se\/orientering\/wp-json\/wp\/v2\/tags?post=794"}],"curies":[{"name":"wp","href":"https:\/\/api.w.org\/{rel}","templated":true}]}}