{"id":783,"date":"2004-08-16T00:00:00","date_gmt":"2004-08-15T22:00:00","guid":{"rendered":"http:\/\/ifmarinvast.se\/2016\/glom-inte-anmala-dig-till-arets-lager\/"},"modified":"2015-10-11T14:45:17","modified_gmt":"2015-10-11T12:45:17","slug":"glom-inte-anmala-dig-till-arets-lager","status":"publish","type":"post","link":"https:\/\/www.ifmarinvast.se\/orientering\/glom-inte-anmala-dig-till-arets-lager\/","title":{"rendered":"Gl\u00f6m inte anm\u00e4la dig till \u00e5rets l\u00e4ger!"},"content":{"rendered":"<p><img src='http:\/\/www.ifmv.nu\/aktuellt\/lagerlogo.png'><br \/>Nu \u00e4r det dags att anm\u00e4la sig till \u00e5rets h\u00f6stl\u00e4ger. Senast den 1 september vill vi ha din anm\u00e4lan.<br \/>L\u00e4s mer och anm\u00e4l dig p\u00e5 <a href='http:\/\/www.ifmv.nu\/aktuellt\/lager2004.asp'>L\u00e4gersidan \u00bb<\/a><\/p>\n","protected":false},"excerpt":{"rendered":"<p>Nu \u00e4r det dags att anm\u00e4la sig till \u00e5rets h\u00f6stl\u00e4ger. Senast den 1 september vill vi ha din anm\u00e4lan.L\u00e4s mer och anm\u00e4l dig p\u00e5 L\u00e4gersidan \u00bb<\/p>\n","protected":false},"author":2,"featured_media":0,"comment_status":"open","ping_status":"open","sticky":false,"template":"","format":"standard","meta":{"footnotes":""},"categories":[262,1],"tags":[],"class_list":["post-783","post","type-post","status-publish","format-standard","hentry","category-nyheter","category-okategoriserade"],"_links":{"self":[{"href":"https:\/\/www.ifmarinvast.se\/orientering\/wp-json\/wp\/v2\/posts\/783","targetHints":{"allow":["GET"]}}],"collection":[{"href":"https:\/\/www.ifmarinvast.se\/orientering\/wp-json\/wp\/v2\/posts"}],"about":[{"href":"https:\/\/www.ifmarinvast.se\/orientering\/wp-json\/wp\/v2\/types\/post"}],"author":[{"embeddable":true,"href":"https:\/\/www.ifmarinvast.se\/orientering\/wp-json\/wp\/v2\/users\/2"}],"replies":[{"embeddable":true,"href":"https:\/\/www.ifmarinvast.se\/orientering\/wp-json\/wp\/v2\/comments?post=783"}],"version-history":[{"count":1,"href":"https:\/\/www.ifmarinvast.se\/orientering\/wp-json\/wp\/v2\/posts\/783\/revisions"}],"predecessor-version":[{"id":1757,"href":"https:\/\/www.ifmarinvast.se\/orientering\/wp-json\/wp\/v2\/posts\/783\/revisions\/1757"}],"wp:attachment":[{"href":"https:\/\/www.ifmarinvast.se\/orientering\/wp-json\/wp\/v2\/media?parent=783"}],"wp:term":[{"taxonomy":"category","embeddable":true,"href":"https:\/\/www.ifmarinvast.se\/orientering\/wp-json\/wp\/v2\/categories?post=783"},{"taxonomy":"post_tag","embeddable":true,"href":"https:\/\/www.ifmarinvast.se\/orientering\/wp-json\/wp\/v2\/tags?post=783"}],"curies":[{"name":"wp","href":"https:\/\/api.w.org\/{rel}","templated":true}]}}