{"id":771,"date":"2004-07-14T00:00:00","date_gmt":"2004-07-13T22:00:00","guid":{"rendered":"http:\/\/ifmarinvast.se\/2016\/kris-stort-behov-av-campingvardar-o-ringen\/"},"modified":"2015-10-11T14:45:18","modified_gmt":"2015-10-11T12:45:18","slug":"kris-stort-behov-av-campingvardar-o-ringen","status":"publish","type":"post","link":"https:\/\/www.ifmarinvast.se\/orientering\/kris-stort-behov-av-campingvardar-o-ringen\/","title":{"rendered":"KRIS! STORT BEHOV AV CAMPINGV\u00c4RDAR O-RINGEN!"},"content":{"rendered":"<p>Imorgon b\u00f6rjar de f\u00f6rsta deltagarna komma, eller snarare jag s\u00e5g en som redan idag parkerade sin husvagn p\u00e5 sin campingplats! Och vi har L\u00c5NGT IFR\u00c5N besatt alla platser!! Och vi m\u00e5ste g\u00f6ra ALLT f\u00f6r att de bes\u00e4tta dem.<\/p>\n<p>Du f\u00e5r h\u00e4r en lista \u00f6ver de vakanser som finns per idag.<\/p>\n<p>Det \u00e4r br\u00e5ttom br\u00e5ttom br\u00e5ttom&#8230;<\/p>\n<p>Bemanningsl\u00e4get campingv\u00e4rdar 2004-07-14<\/p>\n<p>\u00b7 Det finns 13 campingomr\u00e5den inkl Arendal<br \/>\u00b7 Observera att varje campingomr\u00e5de har tv\u00e5 v\u00e4rdar (n\u00e5gra omr\u00e5den har tre pga storleken)<br \/>\u00b7 Varje dag \u00e4r indelad i tv\u00e5 pass kl 08-15 och 15-22 dock ej torsdag 15\/7 d\u00e5 de tider som g\u00e4ller \u00e4r 12-17 och  17-22<br \/>\u00b7 En timma f\u00f6re varje pass finns ansvarig Claes Green i Centralortsexp f\u00f6r att dels beskriva uppdraget dels dela ut de infoblad som campingv\u00e4rdarna ska dela ut till de ankommande<br \/>\u00b7 En timma efter sista passet finns finns Claes Green p\u00e5 Centralortsexp f\u00f6r att ta emot de infoblad som blivit  \u00f6ver, om man inte ska jobba n\u00e4sta dag f\u00f6r d\u00e5 beh\u00e5ller man dem.<\/p>\n<p>F\u00d6LJANDE LEDIGA TIDER FINNS:<\/p>\n<p>Torsdag 15\/7 4 personer till 4 omr\u00e5den  12-17<br \/>  5 personer till 5 omr\u00e5den 17-22<\/p>\n<p>Fredag 16\/7 6 personer till 6 omr\u00e5den 8-15<br \/>  13 personer till 8 omr\u00e5den 15-22<\/p>\n<p>L\u00f6rdag 17\/7 2 personer till 2 omr\u00e5den 8-15<br \/>  15 personer till 7 omr\u00e5den 15-22<\/p>\n<p>S\u00f6ndag 18\/7 10 personer till 7 omr\u00e5den 8-15<br \/>  18 personer till 10 omr\u00e5den 15-22<\/p>\n<p>Ring in tills\u00e4ttningar ni kan g\u00f6ra direkt till Claes Green 0703-751976!<\/p>\n","protected":false},"excerpt":{"rendered":"<p>Imorgon b\u00f6rjar de f\u00f6rsta deltagarna komma, eller snarare jag s\u00e5g en som redan idag parkerade sin husvagn p\u00e5 sin campingplats! Och vi har L\u00c5NGT IFR\u00c5N besatt alla platser!! Och vi [&hellip;]<\/p>\n","protected":false},"author":2,"featured_media":0,"comment_status":"open","ping_status":"open","sticky":false,"template":"","format":"standard","meta":{"footnotes":""},"categories":[262,1],"tags":[],"class_list":["post-771","post","type-post","status-publish","format-standard","hentry","category-nyheter","category-okategoriserade"],"_links":{"self":[{"href":"https:\/\/www.ifmarinvast.se\/orientering\/wp-json\/wp\/v2\/posts\/771","targetHints":{"allow":["GET"]}}],"collection":[{"href":"https:\/\/www.ifmarinvast.se\/orientering\/wp-json\/wp\/v2\/posts"}],"about":[{"href":"https:\/\/www.ifmarinvast.se\/orientering\/wp-json\/wp\/v2\/types\/post"}],"author":[{"embeddable":true,"href":"https:\/\/www.ifmarinvast.se\/orientering\/wp-json\/wp\/v2\/users\/2"}],"replies":[{"embeddable":true,"href":"https:\/\/www.ifmarinvast.se\/orientering\/wp-json\/wp\/v2\/comments?post=771"}],"version-history":[{"count":1,"href":"https:\/\/www.ifmarinvast.se\/orientering\/wp-json\/wp\/v2\/posts\/771\/revisions"}],"predecessor-version":[{"id":1750,"href":"https:\/\/www.ifmarinvast.se\/orientering\/wp-json\/wp\/v2\/posts\/771\/revisions\/1750"}],"wp:attachment":[{"href":"https:\/\/www.ifmarinvast.se\/orientering\/wp-json\/wp\/v2\/media?parent=771"}],"wp:term":[{"taxonomy":"category","embeddable":true,"href":"https:\/\/www.ifmarinvast.se\/orientering\/wp-json\/wp\/v2\/categories?post=771"},{"taxonomy":"post_tag","embeddable":true,"href":"https:\/\/www.ifmarinvast.se\/orientering\/wp-json\/wp\/v2\/tags?post=771"}],"curies":[{"name":"wp","href":"https:\/\/api.w.org\/{rel}","templated":true}]}}