{"id":770,"date":"2004-07-13T00:00:00","date_gmt":"2004-07-12T22:00:00","guid":{"rendered":"http:\/\/ifmarinvast.se\/2016\/jatteviktigt-o-ringen\/"},"modified":"2015-10-11T14:45:18","modified_gmt":"2015-10-11T12:45:18","slug":"jatteviktigt-o-ringen","status":"publish","type":"post","link":"https:\/\/www.ifmarinvast.se\/orientering\/jatteviktigt-o-ringen\/","title":{"rendered":"J\u00c4TTEVIKTIGT O-RINGEN!!!!"},"content":{"rendered":"<p>Under onsdag, torsdag och fredag (i den h\u00e4r veckan) beh\u00f6ver det packas kassar med tio olika sorters trycksaker. Kassarna \u00e4r till v\u00e5ra deltagare som kommer till C-ort f\u00f6r att h\u00e4mta. Vi beh\u00f6ver 40-50 personer!!!!<\/p>\n<p>Vi t\u00e4nkte att kanske v\u00e5ra ungdomar i \u00e5ldern 12-17 \u00e5r (i f\u00f6rsta hand) skulle kunna t\u00e4nka sig att hj\u00e4lpa oss med detta?!!  Alla de ungdomar som kommer att vara fanb\u00e4rare p\u00e5 invigningen \u00e4r ocks\u00e5 en j\u00e4ttel\u00e4mplig grupp att fr\u00e5ga.<\/p>\n<p>Ungdomarna f\u00e5r lunch och present som tack. Vill de vara med alla tre dagarna \u00e4r det b\u00e4st eller en eller tv\u00e5 g\u00e5r det ocks\u00e5 bra. Platsen \u00e4r en lokal i Eriksbergshallen. Tid p\u00e5 dagen fr\u00e5n kl 09.00 onsdag. Jag och en ungdomsledare kommer att bist\u00e5 ungdomarna med att organisera upp arbetet och g\u00f6ra ett och annat handtag ocks\u00e5.<\/p>\n<p>Det \u00e4r ont om tid, varf\u00f6r jag ber dig hj\u00e4lp till med att ringa runt. Under tisdagen n\u00e5s jag enbart p\u00e5 mobilen 0708-497115. <\/p>\n<p>Jag h\u00e5ller tummarna f\u00f6r att detta g\u00e5r att ordna.<\/p>\n<hr>\n<p>Och s\u00e5 \u00e4r det campingv\u00e4rdar som jag tidigare har skrivit om. Behovet \u00e4r verkligen skriande. Vi beh\u00f6ver ca 40 personer ytterligare!!!! Det \u00e4r fr\u00e5n torsdag kl 12.00 tom s\u00f6ndag kl 22.00 som arbetet ska utf\u00f6ras. Tv\u00e5 pass per dag. <br \/>Jag m\u00e5ste be dig att ringa runt till alla dina medlemmar som ska vara med och arbeta p\u00e5 O-ringen f\u00f6r att vi ska f\u00e5 fram ytterligare personal.<\/p>\n<p>Jag vill ha besked om b\u00e5da behoven till mig. Ring g\u00e4rna p\u00e5 mobilen<\/p>\n<p>Ulla Carlstedt<\/p>\n","protected":false},"excerpt":{"rendered":"<p>Under onsdag, torsdag och fredag (i den h\u00e4r veckan) beh\u00f6ver det packas kassar med tio olika sorters trycksaker. Kassarna \u00e4r till v\u00e5ra deltagare som kommer till C-ort f\u00f6r att h\u00e4mta. [&hellip;]<\/p>\n","protected":false},"author":2,"featured_media":0,"comment_status":"open","ping_status":"open","sticky":false,"template":"","format":"standard","meta":{"footnotes":""},"categories":[262,1],"tags":[],"class_list":["post-770","post","type-post","status-publish","format-standard","hentry","category-nyheter","category-okategoriserade"],"_links":{"self":[{"href":"https:\/\/www.ifmarinvast.se\/orientering\/wp-json\/wp\/v2\/posts\/770","targetHints":{"allow":["GET"]}}],"collection":[{"href":"https:\/\/www.ifmarinvast.se\/orientering\/wp-json\/wp\/v2\/posts"}],"about":[{"href":"https:\/\/www.ifmarinvast.se\/orientering\/wp-json\/wp\/v2\/types\/post"}],"author":[{"embeddable":true,"href":"https:\/\/www.ifmarinvast.se\/orientering\/wp-json\/wp\/v2\/users\/2"}],"replies":[{"embeddable":true,"href":"https:\/\/www.ifmarinvast.se\/orientering\/wp-json\/wp\/v2\/comments?post=770"}],"version-history":[{"count":1,"href":"https:\/\/www.ifmarinvast.se\/orientering\/wp-json\/wp\/v2\/posts\/770\/revisions"}],"predecessor-version":[{"id":1749,"href":"https:\/\/www.ifmarinvast.se\/orientering\/wp-json\/wp\/v2\/posts\/770\/revisions\/1749"}],"wp:attachment":[{"href":"https:\/\/www.ifmarinvast.se\/orientering\/wp-json\/wp\/v2\/media?parent=770"}],"wp:term":[{"taxonomy":"category","embeddable":true,"href":"https:\/\/www.ifmarinvast.se\/orientering\/wp-json\/wp\/v2\/categories?post=770"},{"taxonomy":"post_tag","embeddable":true,"href":"https:\/\/www.ifmarinvast.se\/orientering\/wp-json\/wp\/v2\/tags?post=770"}],"curies":[{"name":"wp","href":"https:\/\/api.w.org\/{rel}","templated":true}]}}