{"id":7687,"date":"2026-03-03T12:38:04","date_gmt":"2026-03-03T11:38:04","guid":{"rendered":"https:\/\/www.ifmarinvast.se\/orientering\/?p=7687"},"modified":"2026-03-03T12:38:06","modified_gmt":"2026-03-03T11:38:06","slug":"inbjudan-till-funktionars-och-banlaggartraff-den-29-mars","status":"publish","type":"post","link":"https:\/\/www.ifmarinvast.se\/orientering\/inbjudan-till-funktionars-och-banlaggartraff-den-29-mars\/","title":{"rendered":"Inbjudan till funktion\u00e4rs- och banl\u00e4ggartr\u00e4ff den 29 mars"},"content":{"rendered":"\n<p><strong>Funktion\u00e4rs- och banl\u00e4ggartr\u00e4ff \u2013 id\u00e9utbyte och inspiration inf\u00f6r tisdagstr\u00e4ningarna<\/strong><\/p>\n\n\n\n<p>Inf\u00f6r v\u00e5rens tisdagstr\u00e4ningar samlar vi f\u00f6reningens funktion\u00e4rer och banl\u00e4ggare till en gemensam genomg\u00e5ng den 29:e mars kl 10:00-14:00. Detta blir en chans att dela erfarenheter, utbyta id\u00e9er och diskutera b\u00e5de teori och praktiska uppl\u00e4gg f\u00f6r tr\u00e4ningarna.<\/p>\n\n\n\n<p>Anm\u00e4l deltagande till\u00a0<a href=\"mailto:styrelsen@ifmarinvast.se\" target=\"_blank\" rel=\"noreferrer noopener\">styrelsen@ifmarinvast.se<\/a>\u00a0senast 22 mars.<\/p>\n","protected":false},"excerpt":{"rendered":"<p>Funktion\u00e4rs- och banl\u00e4ggartr\u00e4ff \u2013 id\u00e9utbyte och inspiration inf\u00f6r tisdagstr\u00e4ningarna Inf\u00f6r v\u00e5rens tisdagstr\u00e4ningar samlar vi f\u00f6reningens funktion\u00e4rer och banl\u00e4ggare till en gemensam genomg\u00e5ng den 29:e mars kl 10:00-14:00. Detta blir en [&hellip;]<\/p>\n","protected":false},"author":4,"featured_media":0,"comment_status":"closed","ping_status":"closed","sticky":false,"template":"","format":"standard","meta":{"footnotes":""},"categories":[262],"tags":[],"class_list":["post-7687","post","type-post","status-publish","format-standard","hentry","category-nyheter"],"_links":{"self":[{"href":"https:\/\/www.ifmarinvast.se\/orientering\/wp-json\/wp\/v2\/posts\/7687","targetHints":{"allow":["GET"]}}],"collection":[{"href":"https:\/\/www.ifmarinvast.se\/orientering\/wp-json\/wp\/v2\/posts"}],"about":[{"href":"https:\/\/www.ifmarinvast.se\/orientering\/wp-json\/wp\/v2\/types\/post"}],"author":[{"embeddable":true,"href":"https:\/\/www.ifmarinvast.se\/orientering\/wp-json\/wp\/v2\/users\/4"}],"replies":[{"embeddable":true,"href":"https:\/\/www.ifmarinvast.se\/orientering\/wp-json\/wp\/v2\/comments?post=7687"}],"version-history":[{"count":1,"href":"https:\/\/www.ifmarinvast.se\/orientering\/wp-json\/wp\/v2\/posts\/7687\/revisions"}],"predecessor-version":[{"id":7688,"href":"https:\/\/www.ifmarinvast.se\/orientering\/wp-json\/wp\/v2\/posts\/7687\/revisions\/7688"}],"wp:attachment":[{"href":"https:\/\/www.ifmarinvast.se\/orientering\/wp-json\/wp\/v2\/media?parent=7687"}],"wp:term":[{"taxonomy":"category","embeddable":true,"href":"https:\/\/www.ifmarinvast.se\/orientering\/wp-json\/wp\/v2\/categories?post=7687"},{"taxonomy":"post_tag","embeddable":true,"href":"https:\/\/www.ifmarinvast.se\/orientering\/wp-json\/wp\/v2\/tags?post=7687"}],"curies":[{"name":"wp","href":"https:\/\/api.w.org\/{rel}","templated":true}]}}