{"id":7685,"date":"2026-03-03T12:36:43","date_gmt":"2026-03-03T11:36:43","guid":{"rendered":"https:\/\/www.ifmarinvast.se\/orientering\/?p=7685"},"modified":"2026-03-03T12:36:45","modified_gmt":"2026-03-03T11:36:45","slug":"inbjudan-till-barn-och-foraldraaktivitet-den-29-mars","status":"publish","type":"post","link":"https:\/\/www.ifmarinvast.se\/orientering\/inbjudan-till-barn-och-foraldraaktivitet-den-29-mars\/","title":{"rendered":"Inbjudan till barn- och f\u00f6r\u00e4ldraaktivitet den 29 mars"},"content":{"rendered":"\n<p>Vi bjuder in barn och f\u00f6r\u00e4ldrar till en gemensam dag i Ruddalen d\u00e4r vi l\u00e4r oss mer om orientering tillsammans den 29:e mars kl 10:00-14:00. Vi kommer att dela upp oss i tv\u00e5 grupper:<\/p>\n\n\n\n<ul class=\"wp-block-list\">\n<li><strong>F\u00f6r\u00e4ldrar och nykomlingar<\/strong>\u00a0f\u00e5r en teoretisk introduktion till orienteringens grunder och lite praktiska \u00f6vningar.<\/li>\n\n\n\n<li><strong>Barn och ungdomar som varit med ett tag<\/strong>\u00a0f\u00e5r l\u00e4gga och s\u00e4tta ut en bana som f\u00f6r\u00e4ldrarna senare f\u00e5r springa eller promenera.<\/li>\n<\/ul>\n\n\n\n<p>Vi grillar korv om v\u00e4dret till\u00e5ter, d\u00e4refter kommer b\u00e5de nytillkomna och f\u00f6r\u00e4ldrar att springa eller promenera banan tillsammans. Avslutningsvis blir det en Kahoot f\u00f6r hela gruppen. Alla som vill f\u00e5r givetvis orientera, inte bara nytillkomna och f\u00f6r\u00e4ldrar.<\/p>\n\n\n\n<p>Ta med kl\u00e4der efter v\u00e4der och skor som t\u00e5l skog och stig.&nbsp; Det \u00e4r s\u00e4rskilt v\u00e4rdefullt att&nbsp;<strong>nya medlemmar och deras f\u00f6r\u00e4ldrar&nbsp;<\/strong>deltar f\u00f6r att ha bra f\u00f6ruts\u00e4ttningar p\u00e5 tr\u00e4ningarna under v\u00e5ren.<\/p>\n\n\n\n<p>Anm\u00e4l deltagande till\u00a0<a href=\"mailto:styrelsen@ifmarinvast.se\" target=\"_blank\" rel=\"noreferrer noopener\">styrelsen@ifmarinvast.se<\/a>\u00a0senast 22 mars.<\/p>\n\n\n\n<p><\/p>\n","protected":false},"excerpt":{"rendered":"<p>Vi bjuder in barn och f\u00f6r\u00e4ldrar till en gemensam dag i Ruddalen d\u00e4r vi l\u00e4r oss mer om orientering tillsammans den 29:e mars kl 10:00-14:00. Vi kommer att dela upp [&hellip;]<\/p>\n","protected":false},"author":4,"featured_media":0,"comment_status":"closed","ping_status":"closed","sticky":false,"template":"","format":"standard","meta":{"footnotes":""},"categories":[262],"tags":[],"class_list":["post-7685","post","type-post","status-publish","format-standard","hentry","category-nyheter"],"_links":{"self":[{"href":"https:\/\/www.ifmarinvast.se\/orientering\/wp-json\/wp\/v2\/posts\/7685","targetHints":{"allow":["GET"]}}],"collection":[{"href":"https:\/\/www.ifmarinvast.se\/orientering\/wp-json\/wp\/v2\/posts"}],"about":[{"href":"https:\/\/www.ifmarinvast.se\/orientering\/wp-json\/wp\/v2\/types\/post"}],"author":[{"embeddable":true,"href":"https:\/\/www.ifmarinvast.se\/orientering\/wp-json\/wp\/v2\/users\/4"}],"replies":[{"embeddable":true,"href":"https:\/\/www.ifmarinvast.se\/orientering\/wp-json\/wp\/v2\/comments?post=7685"}],"version-history":[{"count":1,"href":"https:\/\/www.ifmarinvast.se\/orientering\/wp-json\/wp\/v2\/posts\/7685\/revisions"}],"predecessor-version":[{"id":7686,"href":"https:\/\/www.ifmarinvast.se\/orientering\/wp-json\/wp\/v2\/posts\/7685\/revisions\/7686"}],"wp:attachment":[{"href":"https:\/\/www.ifmarinvast.se\/orientering\/wp-json\/wp\/v2\/media?parent=7685"}],"wp:term":[{"taxonomy":"category","embeddable":true,"href":"https:\/\/www.ifmarinvast.se\/orientering\/wp-json\/wp\/v2\/categories?post=7685"},{"taxonomy":"post_tag","embeddable":true,"href":"https:\/\/www.ifmarinvast.se\/orientering\/wp-json\/wp\/v2\/tags?post=7685"}],"curies":[{"name":"wp","href":"https:\/\/api.w.org\/{rel}","templated":true}]}}