{"id":7682,"date":"2026-03-02T17:14:08","date_gmt":"2026-03-02T16:14:08","guid":{"rendered":"https:\/\/www.ifmarinvast.se\/orientering\/?p=7682"},"modified":"2026-03-02T17:14:49","modified_gmt":"2026-03-02T16:14:49","slug":"forelasning-simon-nordberg-sportrehab-25-mars","status":"publish","type":"post","link":"https:\/\/www.ifmarinvast.se\/orientering\/forelasning-simon-nordberg-sportrehab-25-mars\/","title":{"rendered":"F\u00f6rel\u00e4sning av Simon Nordberg fr\u00e5n SportRehab den 25 mars"},"content":{"rendered":"\n<p>I samband med IF Marin V\u00e4sts \u00e5rsm\u00f6te onsdagen<strong> den 25 mars<\/strong> kommer vi att erbjuda en\u00a0<strong>intressant och praktiskt inriktad f\u00f6rel\u00e4sning<\/strong>. \u00c5rsm\u00f6te b\u00f6rjar klockan 18.30 och efter det blir det\u00a0<strong>f\u00f6rel\u00e4sning<\/strong>.\u00a0<\/p>\n\n\n\n<p><strong>F\u00f6rel\u00e4sare:<\/strong><br>Simon Nordberg \u2013 fysioterapeut p\u00e5 SportRehab G\u00f6teborg, orienterare i GMOK samt styrelseledamot och kanslist i G\u00f6teborgs Orienteringsf\u00f6rbund.<\/p>\n\n\n\n<p><strong>Inneh\u00e5ll:<\/strong><br>F\u00f6rel\u00e4sningen handlar om&nbsp;<strong>akut omh\u00e4ndertagande vid skador<\/strong>, till exempel fotstukningar, med inriktning p\u00e5 orientering. Den riktar sig till alla medlemmar och inte minst till v\u00e5ra ungdomar.<\/p>\n\n\n\n<p>I samband med detta inleder IF Marin V\u00e4st \u00e4ven ett&nbsp;<strong>samarbete med SportRehab<\/strong>, en idrottsskadeklinik med mottagningar p\u00e5 tre platser i G\u00f6teborg.<\/p>\n\n\n\n<p><strong>Anm\u00e4lan<\/strong><br>Klubben bjuder p\u00e5 kaffe och sm\u00f6rg\u00e5s. D\u00e4rf\u00f6r vill vi att man anm\u00e4ler sitt deltagande till\u00a0<a href=\"mailto:styrelsen@ifmarinvast.se\" target=\"_blank\" rel=\"noreferrer noopener\">styrelsen@ifmarinvast.se<\/a>\u00a0senast den 21 mars.<\/p>\n\n\n\n<p><\/p>\n","protected":false},"excerpt":{"rendered":"<p>I samband med IF Marin V\u00e4sts \u00e5rsm\u00f6te onsdagen den 25 mars kommer vi att erbjuda en\u00a0intressant och praktiskt inriktad f\u00f6rel\u00e4sning. \u00c5rsm\u00f6te b\u00f6rjar klockan 18.30 och efter det blir det\u00a0f\u00f6rel\u00e4sning.\u00a0 F\u00f6rel\u00e4sare:Simon [&hellip;]<\/p>\n","protected":false},"author":4,"featured_media":0,"comment_status":"closed","ping_status":"closed","sticky":false,"template":"","format":"standard","meta":{"footnotes":""},"categories":[262],"tags":[],"class_list":["post-7682","post","type-post","status-publish","format-standard","hentry","category-nyheter"],"_links":{"self":[{"href":"https:\/\/www.ifmarinvast.se\/orientering\/wp-json\/wp\/v2\/posts\/7682","targetHints":{"allow":["GET"]}}],"collection":[{"href":"https:\/\/www.ifmarinvast.se\/orientering\/wp-json\/wp\/v2\/posts"}],"about":[{"href":"https:\/\/www.ifmarinvast.se\/orientering\/wp-json\/wp\/v2\/types\/post"}],"author":[{"embeddable":true,"href":"https:\/\/www.ifmarinvast.se\/orientering\/wp-json\/wp\/v2\/users\/4"}],"replies":[{"embeddable":true,"href":"https:\/\/www.ifmarinvast.se\/orientering\/wp-json\/wp\/v2\/comments?post=7682"}],"version-history":[{"count":2,"href":"https:\/\/www.ifmarinvast.se\/orientering\/wp-json\/wp\/v2\/posts\/7682\/revisions"}],"predecessor-version":[{"id":7684,"href":"https:\/\/www.ifmarinvast.se\/orientering\/wp-json\/wp\/v2\/posts\/7682\/revisions\/7684"}],"wp:attachment":[{"href":"https:\/\/www.ifmarinvast.se\/orientering\/wp-json\/wp\/v2\/media?parent=7682"}],"wp:term":[{"taxonomy":"category","embeddable":true,"href":"https:\/\/www.ifmarinvast.se\/orientering\/wp-json\/wp\/v2\/categories?post=7682"},{"taxonomy":"post_tag","embeddable":true,"href":"https:\/\/www.ifmarinvast.se\/orientering\/wp-json\/wp\/v2\/tags?post=7682"}],"curies":[{"name":"wp","href":"https:\/\/api.w.org\/{rel}","templated":true}]}}