{"id":7680,"date":"2026-03-03T12:38:59","date_gmt":"2026-03-03T11:38:59","guid":{"rendered":"https:\/\/www.ifmarinvast.se\/orientering\/?p=7680"},"modified":"2026-03-03T12:46:43","modified_gmt":"2026-03-03T11:46:43","slug":"kallelse-till-arsmote-if-marin-vast-25-mars-2026","status":"publish","type":"post","link":"https:\/\/www.ifmarinvast.se\/orientering\/kallelse-till-arsmote-if-marin-vast-25-mars-2026\/","title":{"rendered":"Kallelse till \u00e5rsm\u00f6te IF Marin V\u00e4st 25 mars 2026"},"content":{"rendered":"\n<p>V\u00e4lkommen till \u00e5rsm\u00f6te f\u00f6r IF Marin V\u00e4st 25 mars 2026 kl 18.30 i v\u00e5r klubbstuga i Ruddalen. Adress: Musikv\u00e4gen 61&nbsp;<a href=\"https:\/\/goo.gl\/maps\/YHMHkMSKQywQSZwk7\" target=\"_blank\" rel=\"noreferrer noopener\">Karta &gt;&gt;<\/a><\/p>\n\n\n\n<p><a href=\"https:\/\/www.ifmarinvast.se\/orientering\/kallelse-och-dagordning-till-arsmote-for-if-marin-vast-2026\/\">Se hela kallelsen med dagordning \u00bb<\/a><\/p>\n\n\n\n<p><strong>F\u00f6rslag<\/strong><br>F\u00f6rslag till \u00e5rsm\u00f6tet ska l\u00e4mnas in till styrelsen av r\u00f6stber\u00e4ttigad medlem senast 11 mars. F\u00f6rslagen skickas till&nbsp;<a href=\"mailto:styrelsen@ifmarinvast.se\" target=\"_blank\" rel=\"noreferrer noopener\">styrelsen@ifmarinvast.se<\/a>.<\/p>\n\n\n\n<p><strong>Handlingar<\/strong><br>Handlingar inf\u00f6r \u00e5rsm\u00f6tet finns tillg\u00e4ngliga f\u00f6r medlemmarna senast en vecka f\u00f6re \u00e5rsm\u00f6tet. Vi kommer att skicka en l\u00e4nk till handlingarna i e-mail senast 1 vecka f\u00f6re \u00e5rsm\u00f6tet.<\/p>\n\n\n\n<p>F\u00f6r att ha r\u00f6str\u00e4tt p\u00e5 \u00e5rsm\u00f6tet beh\u00f6ver du ha betalat medlemsavgiften f\u00f6r 2026.<br><a href=\"https:\/\/www.ifmarinvast.se\/orientering\/medlem\/medlemsavgiften\/\" target=\"_blank\" rel=\"noreferrer noopener\">Mer information om medlemsavgiften \u00bb<\/a><\/p>\n\n\n\n<p><strong>Anm\u00e4lan<\/strong><br>Klubben bjuder p\u00e5 kaffe och sm\u00f6rg\u00e5s. D\u00e4rf\u00f6r vill vi att man anm\u00e4ler sitt deltagande till\u00a0<a href=\"mailto:styrelsen@ifmarinvast.se\" target=\"_blank\" rel=\"noreferrer noopener\">styrelsen@ifmarinvast.se<\/a>\u00a0senast den 21 mars.<\/p>\n\n\n\n<p><\/p>\n\n\n\n<p>Efter \u00e5rsm\u00f6tet blir det f\u00f6rel\u00e4sning av Simon Nordberg fr\u00e5n SportRehab:<\/p>\n\n\n\n<figure class=\"wp-block-embed is-type-wp-embed is-provider-if-marin-v-st wp-block-embed-if-marin-v-st\"><div class=\"wp-block-embed__wrapper\">\n<blockquote class=\"wp-embedded-content\" data-secret=\"ciPRlo4ZnR\"><a href=\"https:\/\/www.ifmarinvast.se\/orientering\/forelasning-simon-nordberg-sportrehab-25-mars\/\">F\u00f6rel\u00e4sning av Simon Nordberg fr\u00e5n SportRehab den 25 mars<\/a><\/blockquote><iframe loading=\"lazy\" class=\"wp-embedded-content\" sandbox=\"allow-scripts\" security=\"restricted\" style=\"position: absolute; visibility: hidden;\" title=\"\u201dF\u00f6rel\u00e4sning av Simon Nordberg fr\u00e5n SportRehab den 25 mars\u201d &ndash; IF Marin V\u00e4st\" src=\"https:\/\/www.ifmarinvast.se\/orientering\/forelasning-simon-nordberg-sportrehab-25-mars\/embed\/#?secret=pEuv8q1r09#?secret=ciPRlo4ZnR\" data-secret=\"ciPRlo4ZnR\" width=\"600\" height=\"338\" frameborder=\"0\" marginwidth=\"0\" marginheight=\"0\" scrolling=\"no\"><\/iframe>\n<\/div><\/figure>\n","protected":false},"excerpt":{"rendered":"<p>V\u00e4lkommen till \u00e5rsm\u00f6te f\u00f6r IF Marin V\u00e4st 25 mars 2026 kl 18.30 i v\u00e5r klubbstuga i Ruddalen. Adress: Musikv\u00e4gen 61&nbsp;Karta &gt;&gt; Se hela kallelsen med dagordning \u00bb F\u00f6rslagF\u00f6rslag till \u00e5rsm\u00f6tet [&hellip;]<\/p>\n","protected":false},"author":4,"featured_media":0,"comment_status":"closed","ping_status":"closed","sticky":false,"template":"","format":"standard","meta":{"footnotes":""},"categories":[262],"tags":[],"class_list":["post-7680","post","type-post","status-publish","format-standard","hentry","category-nyheter"],"_links":{"self":[{"href":"https:\/\/www.ifmarinvast.se\/orientering\/wp-json\/wp\/v2\/posts\/7680","targetHints":{"allow":["GET"]}}],"collection":[{"href":"https:\/\/www.ifmarinvast.se\/orientering\/wp-json\/wp\/v2\/posts"}],"about":[{"href":"https:\/\/www.ifmarinvast.se\/orientering\/wp-json\/wp\/v2\/types\/post"}],"author":[{"embeddable":true,"href":"https:\/\/www.ifmarinvast.se\/orientering\/wp-json\/wp\/v2\/users\/4"}],"replies":[{"embeddable":true,"href":"https:\/\/www.ifmarinvast.se\/orientering\/wp-json\/wp\/v2\/comments?post=7680"}],"version-history":[{"count":4,"href":"https:\/\/www.ifmarinvast.se\/orientering\/wp-json\/wp\/v2\/posts\/7680\/revisions"}],"predecessor-version":[{"id":7693,"href":"https:\/\/www.ifmarinvast.se\/orientering\/wp-json\/wp\/v2\/posts\/7680\/revisions\/7693"}],"wp:attachment":[{"href":"https:\/\/www.ifmarinvast.se\/orientering\/wp-json\/wp\/v2\/media?parent=7680"}],"wp:term":[{"taxonomy":"category","embeddable":true,"href":"https:\/\/www.ifmarinvast.se\/orientering\/wp-json\/wp\/v2\/categories?post=7680"},{"taxonomy":"post_tag","embeddable":true,"href":"https:\/\/www.ifmarinvast.se\/orientering\/wp-json\/wp\/v2\/tags?post=7680"}],"curies":[{"name":"wp","href":"https:\/\/api.w.org\/{rel}","templated":true}]}}