{"id":767,"date":"2004-07-02T00:00:00","date_gmt":"2004-07-01T22:00:00","guid":{"rendered":"http:\/\/ifmarinvast.se\/2016\/o-ringens-invigning-sondag-18-juli\/"},"modified":"2015-10-11T14:45:18","modified_gmt":"2015-10-11T12:45:18","slug":"o-ringens-invigning-sondag-18-juli","status":"publish","type":"post","link":"https:\/\/www.ifmarinvast.se\/orientering\/o-ringens-invigning-sondag-18-juli\/","title":{"rendered":"O-ringens invigning, s\u00f6ndag 18 juli"},"content":{"rendered":"<p>Vill du vara med i O-ringen invigningen?<br \/>\u00c4r du yngre \u00e4n 21?<\/p>\n<p>Ja d\u00e5 finns chansen. Skicka bara ett e-mail till <a href='mailto:hans@ifmv.nu'>hans@ifmv.nu<\/a> s\u00e5 ordnar vi detta.<\/p>\n<p>Programmet f\u00f6r invigningen \u00e4r att vi samlas p\u00e5 Gustav Adolf torg kl 15.30 f\u00f6r parad upp till G\u00f6taplatsen. Vi kommer att f\u00e5 b\u00e4ra p\u00e5 deltagande nationers flaggor. Vid G\u00f6taplatsen forts\u00e4tter firandet med konsert kl 17.00. (tyv\u00e4rr utan Punkinslag).<br \/>Kl 18.00 startar prologen f\u00f6r Supereliten.<\/p>\n","protected":false},"excerpt":{"rendered":"<p>Vill du vara med i O-ringen invigningen?\u00c4r du yngre \u00e4n 21? Ja d\u00e5 finns chansen. Skicka bara ett e-mail till hans@ifmv.nu s\u00e5 ordnar vi detta. Programmet f\u00f6r invigningen \u00e4r att [&hellip;]<\/p>\n","protected":false},"author":2,"featured_media":0,"comment_status":"open","ping_status":"open","sticky":false,"template":"","format":"standard","meta":{"footnotes":""},"categories":[262,1],"tags":[],"class_list":["post-767","post","type-post","status-publish","format-standard","hentry","category-nyheter","category-okategoriserade"],"_links":{"self":[{"href":"https:\/\/www.ifmarinvast.se\/orientering\/wp-json\/wp\/v2\/posts\/767","targetHints":{"allow":["GET"]}}],"collection":[{"href":"https:\/\/www.ifmarinvast.se\/orientering\/wp-json\/wp\/v2\/posts"}],"about":[{"href":"https:\/\/www.ifmarinvast.se\/orientering\/wp-json\/wp\/v2\/types\/post"}],"author":[{"embeddable":true,"href":"https:\/\/www.ifmarinvast.se\/orientering\/wp-json\/wp\/v2\/users\/2"}],"replies":[{"embeddable":true,"href":"https:\/\/www.ifmarinvast.se\/orientering\/wp-json\/wp\/v2\/comments?post=767"}],"version-history":[{"count":1,"href":"https:\/\/www.ifmarinvast.se\/orientering\/wp-json\/wp\/v2\/posts\/767\/revisions"}],"predecessor-version":[{"id":1746,"href":"https:\/\/www.ifmarinvast.se\/orientering\/wp-json\/wp\/v2\/posts\/767\/revisions\/1746"}],"wp:attachment":[{"href":"https:\/\/www.ifmarinvast.se\/orientering\/wp-json\/wp\/v2\/media?parent=767"}],"wp:term":[{"taxonomy":"category","embeddable":true,"href":"https:\/\/www.ifmarinvast.se\/orientering\/wp-json\/wp\/v2\/categories?post=767"},{"taxonomy":"post_tag","embeddable":true,"href":"https:\/\/www.ifmarinvast.se\/orientering\/wp-json\/wp\/v2\/tags?post=767"}],"curies":[{"name":"wp","href":"https:\/\/api.w.org\/{rel}","templated":true}]}}